{"id":5977,"date":"2015-02-26T08:00:37","date_gmt":"2015-02-26T07:00:37","guid":{"rendered":"http:\/\/danielgenis.com\/elbiblionauta\/?p=5977"},"modified":"2021-09-03T23:06:20","modified_gmt":"2021-09-03T21:06:20","slug":"la-noia-que-venia-del-futur","status":"publish","type":"post","link":"https:\/\/elbiblionauta.com\/ca\/2015\/02\/26\/la-noia-que-venia-del-futur\/","title":{"rendered":"LA NOIA QUE VENIA DEL FUTUR (1974) &#8211; Manuel de Pedrolo"},"content":{"rendered":"\t\t<div data-elementor-type=\"wp-post\" data-elementor-id=\"5977\" class=\"elementor elementor-5977\" data-elementor-post-type=\"post\">\n\t\t\t\t\t\t<section class=\"elementor-section elementor-top-section elementor-element elementor-element-3a43e408 elementor-section-boxed elementor-section-height-default elementor-section-height-default\" data-id=\"3a43e408\" data-element_type=\"section\" data-e-type=\"section\">\n\t\t\t\t\t\t<div class=\"elementor-container elementor-column-gap-default\">\n\t\t\t\t\t<div class=\"elementor-column elementor-col-100 elementor-top-column elementor-element elementor-element-7f5ae635\" data-id=\"7f5ae635\" data-element_type=\"column\" data-e-type=\"column\">\n\t\t\t<div class=\"elementor-widget-wrap elementor-element-populated\">\n\t\t\t\t\t\t<div class=\"elementor-element elementor-element-46405b10 elementor-widget elementor-widget-heading\" data-id=\"46405b10\" data-element_type=\"widget\" data-e-type=\"widget\" data-widget_type=\"heading.default\">\n\t\t\t\t<div class=\"elementor-widget-container\">\n\t\t\t\t\t<h3 class=\"elementor-heading-title elementor-size-default\">RESSENYA<\/h3>\t\t\t\t<\/div>\n\t\t\t\t<\/div>\n\t\t\t\t<div class=\"elementor-element elementor-element-56965258 elementor-widget elementor-widget-heading\" data-id=\"56965258\" data-element_type=\"widget\" data-e-type=\"widget\" data-widget_type=\"heading.default\">\n\t\t\t\t<div class=\"elementor-widget-container\">\n\t\t\t\t\t<h1 class=\"elementor-heading-title elementor-size-default\">LA NOIA QUE VENIA DEL FUTUR (1974) \u2013 Manuel de Pedrolo\n<\/h1>\t\t\t\t<\/div>\n\t\t\t\t<\/div>\n\t\t\t\t<div class=\"elementor-element elementor-element-45d02d13 elementor-widget elementor-widget-text-editor\" data-id=\"45d02d13\" data-element_type=\"widget\" data-e-type=\"widget\" data-widget_type=\"text-editor.default\">\n\t\t\t\t<div class=\"elementor-widget-container\">\n\t\t\t\t\t\t\t\t\t<p>Un conte sobre viatges en el temps i les seves paradoxes, del millor Pedrolo.<\/p>\t\t\t\t\t\t\t\t<\/div>\n\t\t\t\t<\/div>\n\t\t\t\t<section class=\"elementor-section elementor-inner-section elementor-element elementor-element-d9ef3a4 elementor-section-boxed elementor-section-height-default elementor-section-height-default\" data-id=\"d9ef3a4\" data-element_type=\"section\" data-e-type=\"section\">\n\t\t\t\t\t\t<div class=\"elementor-container elementor-column-gap-default\">\n\t\t\t\t\t<div class=\"elementor-column elementor-col-50 elementor-inner-column elementor-element elementor-element-56759a6c\" data-id=\"56759a6c\" data-element_type=\"column\" data-e-type=\"column\">\n\t\t\t<div class=\"elementor-widget-wrap elementor-element-populated\">\n\t\t\t\t\t\t<div class=\"elementor-element elementor-element-35fe4b93 elementor-author-box--avatar-yes elementor-author-box--name-yes elementor-author-box--link-no elementor-widget elementor-widget-author-box\" data-id=\"35fe4b93\" data-element_type=\"widget\" data-e-type=\"widget\" data-widget_type=\"author-box.default\">\n\t\t\t\t<div class=\"elementor-widget-container\">\n\t\t\t\t\t\t\t<div class=\"elementor-author-box\">\n\t\t\t\t\t\t\t<a href=\"https:\/\/elbiblionauta.com\/ca\/author\/dgenis\/\" class=\"elementor-author-box__avatar\">\n\t\t\t\t\t<img decoding=\"async\" src=\"https:\/\/elbiblionauta.com\/ca\/wp-content\/uploads\/2022\/12\/dgenis23-300x300.png\" alt=\"Picture of Daniel Gen\u00eds\" loading=\"lazy\"\/>\n\t\t\t\t<\/a>\n\t\t\t\n\t\t\t<div class=\"elementor-author-box__text\">\n\t\t\t\t\t\t\t\t\t<a href=\"https:\/\/elbiblionauta.com\/ca\/author\/dgenis\/\">\n\t\t\t\t\t\t<h1 class=\"elementor-author-box__name\">\n\t\t\t\t\t\t\tDaniel Gen\u00eds\t\t\t\t\t\t<\/h1>\n\t\t\t\t\t<\/a>\n\t\t\t\t\n\t\t\t\t\n\t\t\t\t\t\t\t<\/div>\n\t\t<\/div>\n\t\t\t\t\t\t<\/div>\n\t\t\t\t<\/div>\n\t\t\t\t<div class=\"elementor-element elementor-element-3c31434d elementor-widget elementor-widget-post-info\" data-id=\"3c31434d\" data-element_type=\"widget\" data-e-type=\"widget\" data-widget_type=\"post-info.default\">\n\t\t\t\t<div class=\"elementor-widget-container\">\n\t\t\t\t\t\t\t<ul class=\"elementor-inline-items elementor-icon-list-items elementor-post-info\">\n\t\t\t\t\t\t\t\t<li class=\"elementor-icon-list-item elementor-repeater-item-9ac5e8c elementor-inline-item\" itemprop=\"datePublished\">\n\t\t\t\t\t\t<a href=\"https:\/\/elbiblionauta.com\/ca\/2015\/02\/26\/\">\n\t\t\t\t\t\t\t\t\t\t\t<span class=\"elementor-icon-list-icon\">\n\t\t\t\t\t\t\t\t<i aria-hidden=\"true\" class=\"far fa-clock\"><\/i>\t\t\t\t\t\t\t<\/span>\n\t\t\t\t\t\t\t\t\t<span class=\"elementor-icon-list-text elementor-post-info__item elementor-post-info__item--type-date\">\n\t\t\t\t\t\t\t\t\t\t<time> 26 de febrer de 2015<\/time>\t\t\t\t\t<\/span>\n\t\t\t\t\t\t\t\t\t<\/a>\n\t\t\t\t<\/li>\n\t\t\t\t<li class=\"elementor-icon-list-item elementor-repeater-item-0970ca3 elementor-inline-item\" itemprop=\"commentCount\">\n\t\t\t\t\t\t<a href=\"https:\/\/elbiblionauta.com\/ca\/2015\/02\/26\/la-noia-que-venia-del-futur\/#respond\">\n\t\t\t\t\t\t\t\t\t\t\t<span class=\"elementor-icon-list-icon\">\n\t\t\t\t\t\t\t\t<i aria-hidden=\"true\" class=\"far fa-comment-dots\"><\/i>\t\t\t\t\t\t\t<\/span>\n\t\t\t\t\t\t\t\t\t<span class=\"elementor-icon-list-text elementor-post-info__item elementor-post-info__item--type-comments\">\n\t\t\t\t\t\t\t\t\t\tSense comentaris\t\t\t\t\t<\/span>\n\t\t\t\t\t\t\t\t\t<\/a>\n\t\t\t\t<\/li>\n\t\t\t\t<\/ul>\n\t\t\t\t\t\t<\/div>\n\t\t\t\t<\/div>\n\t\t\t\t\t<\/div>\n\t\t<\/div>\n\t\t\t\t<div class=\"elementor-column elementor-col-50 elementor-inner-column elementor-element elementor-element-3eaa82e6\" data-id=\"3eaa82e6\" data-element_type=\"column\" data-e-type=\"column\">\n\t\t\t<div class=\"elementor-widget-wrap elementor-element-populated\">\n\t\t\t\t\t\t<div class=\"elementor-element elementor-element-498860a1 elementor-share-buttons--view-icon elementor-share-buttons--shape-circle elementor-share-buttons--align-right elementor-share-buttons-mobile--align-right elementor-hidden-phone elementor-share-buttons--skin-gradient elementor-grid-0 elementor-share-buttons--color-official elementor-widget elementor-widget-share-buttons\" data-id=\"498860a1\" data-element_type=\"widget\" data-e-type=\"widget\" data-widget_type=\"share-buttons.default\">\n\t\t\t\t<div class=\"elementor-widget-container\">\n\t\t\t\t\t\t\t<div class=\"elementor-grid\" role=\"list\">\n\t\t\t\t\t\t\t\t<div class=\"elementor-grid-item\" role=\"listitem\">\n\t\t\t\t\t\t<div class=\"elementor-share-btn elementor-share-btn_facebook\" role=\"button\" tabindex=\"0\" aria-label=\"Compartici\u00f3 en facebook\">\n\t\t\t\t\t\t\t\t\t\t\t\t\t\t\t<span class=\"elementor-share-btn__icon\">\n\t\t\t\t\t\t\t\t<i class=\"fab fa-facebook\" aria-hidden=\"true\"><\/i>\t\t\t\t\t\t\t<\/span>\n\t\t\t\t\t\t\t\t\t\t\t\t\t\t\t\t\t\t\t\t<\/div>\n\t\t\t\t\t<\/div>\n\t\t\t\t\t\t\t\t\t<div class=\"elementor-grid-item\" role=\"listitem\">\n\t\t\t\t\t\t<div class=\"elementor-share-btn elementor-share-btn_twitter\" role=\"button\" tabindex=\"0\" aria-label=\"Compartici\u00f3 en twitter\">\n\t\t\t\t\t\t\t\t\t\t\t\t\t\t\t<span class=\"elementor-share-btn__icon\">\n\t\t\t\t\t\t\t\t<i class=\"fab fa-twitter\" aria-hidden=\"true\"><\/i>\t\t\t\t\t\t\t<\/span>\n\t\t\t\t\t\t\t\t\t\t\t\t\t\t\t\t\t\t\t\t<\/div>\n\t\t\t\t\t<\/div>\n\t\t\t\t\t\t\t\t\t<div class=\"elementor-grid-item\" role=\"listitem\">\n\t\t\t\t\t\t<div class=\"elementor-share-btn elementor-share-btn_whatsapp\" role=\"button\" tabindex=\"0\" aria-label=\"Compartici\u00f3 en whatsapp\">\n\t\t\t\t\t\t\t\t\t\t\t\t\t\t\t<span class=\"elementor-share-btn__icon\">\n\t\t\t\t\t\t\t\t<i class=\"fab fa-whatsapp\" aria-hidden=\"true\"><\/i>\t\t\t\t\t\t\t<\/span>\n\t\t\t\t\t\t\t\t\t\t\t\t\t\t\t\t\t\t\t\t<\/div>\n\t\t\t\t\t<\/div>\n\t\t\t\t\t\t\t\t\t<div class=\"elementor-grid-item\" role=\"listitem\">\n\t\t\t\t\t\t<div class=\"elementor-share-btn elementor-share-btn_email\" role=\"button\" tabindex=\"0\" aria-label=\"Compartici\u00f3 en email\">\n\t\t\t\t\t\t\t\t\t\t\t\t\t\t\t<span class=\"elementor-share-btn__icon\">\n\t\t\t\t\t\t\t\t<i class=\"fas fa-envelope\" aria-hidden=\"true\"><\/i>\t\t\t\t\t\t\t<\/span>\n\t\t\t\t\t\t\t\t\t\t\t\t\t\t\t\t\t\t\t\t<\/div>\n\t\t\t\t\t<\/div>\n\t\t\t\t\t\t\t\t\t<div class=\"elementor-grid-item\" role=\"listitem\">\n\t\t\t\t\t\t<div class=\"elementor-share-btn elementor-share-btn_print\" role=\"button\" tabindex=\"0\" aria-label=\"Compartici\u00f3 en print\">\n\t\t\t\t\t\t\t\t\t\t\t\t\t\t\t<span class=\"elementor-share-btn__icon\">\n\t\t\t\t\t\t\t\t<i class=\"fas fa-print\" aria-hidden=\"true\"><\/i>\t\t\t\t\t\t\t<\/span>\n\t\t\t\t\t\t\t\t\t\t\t\t\t\t\t\t\t\t\t\t<\/div>\n\t\t\t\t\t<\/div>\n\t\t\t\t\t\t<\/div>\n\t\t\t\t\t\t<\/div>\n\t\t\t\t<\/div>\n\t\t\t\t\t<\/div>\n\t\t<\/div>\n\t\t\t\t\t<\/div>\n\t\t<\/section>\n\t\t\t\t\t<\/div>\n\t\t<\/div>\n\t\t\t\t\t<\/div>\n\t\t<\/section>\n\t\t\t\t<section class=\"elementor-section elementor-top-section elementor-element elementor-element-11dfbd06 elementor-section-boxed elementor-section-height-default elementor-section-height-default\" data-id=\"11dfbd06\" data-element_type=\"section\" data-e-type=\"section\">\n\t\t\t\t\t\t<div class=\"elementor-container elementor-column-gap-default\">\n\t\t\t\t\t<div class=\"elementor-column elementor-col-100 elementor-top-column elementor-element elementor-element-588098b8\" data-id=\"588098b8\" data-element_type=\"column\" data-e-type=\"column\">\n\t\t\t<div class=\"elementor-widget-wrap elementor-element-populated\">\n\t\t\t\t\t\t<div class=\"elementor-element elementor-element-4743a6b1 elementor-widget-divider--view-line elementor-widget elementor-widget-divider\" data-id=\"4743a6b1\" data-element_type=\"widget\" data-e-type=\"widget\" data-widget_type=\"divider.default\">\n\t\t\t\t<div class=\"elementor-widget-container\">\n\t\t\t\t\t\t\t<div class=\"elementor-divider\">\n\t\t\t<span class=\"elementor-divider-separator\">\n\t\t\t\t\t\t<\/span>\n\t\t<\/div>\n\t\t\t\t\t\t<\/div>\n\t\t\t\t<\/div>\n\t\t\t\t\t<\/div>\n\t\t<\/div>\n\t\t\t\t\t<\/div>\n\t\t<\/section>\n\t\t\t\t<section class=\"elementor-section elementor-top-section elementor-element elementor-element-2245e41b elementor-section-boxed elementor-section-height-default elementor-section-height-default\" data-id=\"2245e41b\" data-element_type=\"section\" data-e-type=\"section\">\n\t\t\t\t\t\t<div class=\"elementor-container elementor-column-gap-default\">\n\t\t\t\t\t<div class=\"elementor-column elementor-col-33 elementor-top-column elementor-element elementor-element-5a9e7a79\" data-id=\"5a9e7a79\" data-element_type=\"column\" data-e-type=\"column\">\n\t\t\t<div class=\"elementor-widget-wrap elementor-element-populated\">\n\t\t\t\t\t\t<div class=\"elementor-element elementor-element-64527885 elementor-widget elementor-widget-image\" data-id=\"64527885\" data-element_type=\"widget\" data-e-type=\"widget\" data-widget_type=\"image.default\">\n\t\t\t\t<div class=\"elementor-widget-container\">\n\t\t\t\t\t\t\t\t\t\t\t\t\t\t\t<img fetchpriority=\"high\" decoding=\"async\" width=\"672\" height=\"1024\" src=\"https:\/\/elbiblionauta.com\/ca\/wp-content\/uploads\/2016\/07\/els-altres-mons-de-la-literatura-catalana.jpg\" class=\"attachment-large size-large wp-image-12887\" alt=\"\" \/>\t\t\t\t\t\t\t\t\t\t\t\t\t\t\t<\/div>\n\t\t\t\t<\/div>\n\t\t\t\t<div class=\"elementor-element elementor-element-73de193b elementor-widget elementor-widget-text-editor\" data-id=\"73de193b\" data-element_type=\"widget\" data-e-type=\"widget\" data-widget_type=\"text-editor.default\">\n\t\t\t\t<div class=\"elementor-widget-container\">\n\t\t\t\t\t\t\t\t\t<div><strong>Autor<\/strong>: Diversos autors<br \/><strong>T\u00edtol<\/strong>: Contes per al (des)confinament<\/div><div><strong>Editorial<\/strong>: Males Herbes<\/div><div><strong>Any<\/strong>: 2020\u00a0<\/div><div><strong>P\u00e0gines<\/strong>: 208<\/div><div><strong>ISBN<\/strong>: 9788494780097<\/div>\t\t\t\t\t\t\t\t<\/div>\n\t\t\t\t<\/div>\n\t\t\t\t<div class=\"elementor-element elementor-element-25ae4a2a elementor-widget elementor-widget-spacer\" data-id=\"25ae4a2a\" data-element_type=\"widget\" data-e-type=\"widget\" data-widget_type=\"spacer.default\">\n\t\t\t\t<div class=\"elementor-widget-container\">\n\t\t\t\t\t\t\t<div class=\"elementor-spacer\">\n\t\t\t<div class=\"elementor-spacer-inner\"><\/div>\n\t\t<\/div>\n\t\t\t\t\t\t<\/div>\n\t\t\t\t<\/div>\n\t\t\t\t<div class=\"elementor-element elementor-element-6b0d397a elementor-hidden-phone elementor-widget elementor-widget-text-editor\" data-id=\"6b0d397a\" data-element_type=\"widget\" data-e-type=\"widget\" data-widget_type=\"text-editor.default\">\n\t\t\t\t<div class=\"elementor-widget-container\">\n\t\t\t\t\t\t\t\t\t<div><span style=\"font-size: 12pt;\"><b>L&#8217;has llegit? <\/b><\/span><\/div>\n<div><span style=\"font-size: 12pt;\"><b>Valora&#8217;l<sup>*<\/sup>:<\/b><\/span><\/div>\n<div><\/div>\n<div><span id=\"post-ratings-5977\" class=\"post-ratings\"><p style=\"text-align: center\"><span style=\"font-size: 8pt\"><img decoding=\"async\" src=\"https:\/\/elbiblionauta.com\/ca\/wp-content\/plugins\/wp-postratings\/images\/stars_crystal\/rating_off.gif\" alt=\"0 votes, average: 0,00 out of 5\" title=\"0 votes, average: 0,00 out of 5\" class=\"post-ratings-image\" \/><img decoding=\"async\" src=\"https:\/\/elbiblionauta.com\/ca\/wp-content\/plugins\/wp-postratings\/images\/stars_crystal\/rating_off.gif\" alt=\"0 votes, average: 0,00 out of 5\" title=\"0 votes, average: 0,00 out of 5\" class=\"post-ratings-image\" \/><img decoding=\"async\" src=\"https:\/\/elbiblionauta.com\/ca\/wp-content\/plugins\/wp-postratings\/images\/stars_crystal\/rating_off.gif\" alt=\"0 votes, average: 0,00 out of 5\" title=\"0 votes, average: 0,00 out of 5\" class=\"post-ratings-image\" \/><img decoding=\"async\" src=\"https:\/\/elbiblionauta.com\/ca\/wp-content\/plugins\/wp-postratings\/images\/stars_crystal\/rating_off.gif\" alt=\"0 votes, average: 0,00 out of 5\" title=\"0 votes, average: 0,00 out of 5\" class=\"post-ratings-image\" \/><img decoding=\"async\" src=\"https:\/\/elbiblionauta.com\/ca\/wp-content\/plugins\/wp-postratings\/images\/stars_crystal\/rating_off.gif\" alt=\"0 votes, average: 0,00 out of 5\" title=\"0 votes, average: 0,00 out of 5\" class=\"post-ratings-image\" \/> Vots emesos: <em><strong>0.<\/strong>Mitjana: <strong>0,00<\/strong> sobre 5.<\/em><em>*Has d&#8217;<a href=\"https:\/\/elbiblionauta.com\/ca\/wp-login\/\" target=\"_self\" rel=\"noopener\">iniciar sessi\u00f3<\/a>.<\/em><\/span><\/p><\/span><span id=\"post-ratings-5977-loading\" class=\"post-ratings-loading\"><img decoding=\"async\" src=\"https:\/\/elbiblionauta.com\/ca\/wp-content\/plugins\/wp-postratings\/images\/loading.gif\" width=\"16\" height=\"16\" class=\"post-ratings-image\" \/>Loading&#8230;<\/span><\/div>\t\t\t\t\t\t\t\t<\/div>\n\t\t\t\t<\/div>\n\t\t\t\t<div class=\"elementor-element elementor-element-7d451211 elementor-hidden-phone elementor-widget elementor-widget-spacer\" data-id=\"7d451211\" data-element_type=\"widget\" data-e-type=\"widget\" data-widget_type=\"spacer.default\">\n\t\t\t\t<div class=\"elementor-widget-container\">\n\t\t\t\t\t\t\t<div class=\"elementor-spacer\">\n\t\t\t<div class=\"elementor-spacer-inner\"><\/div>\n\t\t<\/div>\n\t\t\t\t\t\t<\/div>\n\t\t\t\t<\/div>\n\t\t\t\t<div class=\"elementor-element elementor-element-6cb9d37f elementor-hidden-phone elementor-widget-divider--view-line elementor-widget elementor-widget-divider\" data-id=\"6cb9d37f\" data-element_type=\"widget\" data-e-type=\"widget\" data-widget_type=\"divider.default\">\n\t\t\t\t<div class=\"elementor-widget-container\">\n\t\t\t\t\t\t\t<div class=\"elementor-divider\">\n\t\t\t<span class=\"elementor-divider-separator\">\n\t\t\t\t\t\t<\/span>\n\t\t<\/div>\n\t\t\t\t\t\t<\/div>\n\t\t\t\t<\/div>\n\t\t\t\t<div class=\"elementor-element elementor-element-41f1b685 elementor-hidden-phone elementor-widget elementor-widget-text-editor\" data-id=\"41f1b685\" data-element_type=\"widget\" data-e-type=\"widget\" data-widget_type=\"text-editor.default\">\n\t\t\t\t<div class=\"elementor-widget-container\">\n\t\t\t\t\t\t\t\t\t<blockquote><p><strong>Les ocasions perdudes no es retroben f\u00e0cilment<\/strong>.<\/p><\/blockquote>\t\t\t\t\t\t\t\t<\/div>\n\t\t\t\t<\/div>\n\t\t\t\t<div class=\"elementor-element elementor-element-580ecb05 elementor-hidden-phone elementor-widget-divider--view-line elementor-widget elementor-widget-divider\" data-id=\"580ecb05\" data-element_type=\"widget\" data-e-type=\"widget\" data-widget_type=\"divider.default\">\n\t\t\t\t<div class=\"elementor-widget-container\">\n\t\t\t\t\t\t\t<div class=\"elementor-divider\">\n\t\t\t<span class=\"elementor-divider-separator\">\n\t\t\t\t\t\t<\/span>\n\t\t<\/div>\n\t\t\t\t\t\t<\/div>\n\t\t\t\t<\/div>\n\t\t\t\t\t<\/div>\n\t\t<\/div>\n\t\t\t\t<div class=\"elementor-column elementor-col-33 elementor-top-column elementor-element elementor-element-7f3d393c\" data-id=\"7f3d393c\" data-element_type=\"column\" data-e-type=\"column\">\n\t\t\t<div class=\"elementor-widget-wrap elementor-element-populated\">\n\t\t\t\t\t\t<div class=\"elementor-element elementor-element-5c2653c4 elementor-widget elementor-widget-text-editor\" data-id=\"5c2653c4\" data-element_type=\"widget\" data-e-type=\"widget\" data-widget_type=\"text-editor.default\">\n\t\t\t\t<div class=\"elementor-widget-container\">\n\t\t\t\t\t\t\t\t\t<p style=\"text-align: left;\"><strong><a href=\"http:\/\/ca.wikipedia.org\/wiki\/Manuel_de_Pedrolo_i_Molina\" target=\"_blank\" rel=\"noopener\">Manuel de Pedrolo<\/a>\u00a0\u00e9s el nostre cl\u00e0ssic de la ci\u00e8ncia ficci\u00f3.<\/strong> El seu nom sempre anir\u00e0 associat a l\u2019extraordinari <a title=\"MECANOSCRIT DEL SEGON ORIGEN (1974) \u2013 Manuel de Pedrolo\" href=\"https:\/\/elbiblionauta.com\/ca\/2014\/01\/15\/el-mecanoscrit-del-segon-origen\/\" target=\"_blank\" rel=\"noopener\"><em>Mecanoscrit del segon origen<\/em><\/a> (1974), llibre de lectura (temporalment obligat\u00f2ria a les escoles) de generacions i generacions de catalans. Precisament aquest fet li ha jugat en contra en alguns casos, ocultant una producci\u00f3, en el terreny del fant\u00e0stic, ben interessant i gens menyspreable. <strong>En el millor dels casos el gran p\u00fablic, el que coneix el <em>Mecanoscrit<\/em>, ha sentit a parlar d\u2019obres tan interessants dins el mateix g\u00e8nere, i del mateix autor, com <em>Trajecte Final<\/em> (1975) o <em>Successimulatani<\/em> (1981), per\u00f2 rarament les ha llegides<\/strong>. Molt m\u00e9s dif\u00edcil \u00e9s trobar alg\u00fa que tingui coneixement d\u2019aquest relat que avui ressenyem \u201cLa noia que venia del futur\u201d, un meravell\u00f3s conte de la millor \u00e8poca de Pedrolo emmarcat dins el subg\u00e8nere dels viatges en el temps. Novament, doncs, cal esmentar <strong>l&#8217;encert de <a href=\"http:\/\/ca.wikipedia.org\/wiki\/V%C3%ADctor_Mart%C3%ADnez-Gil\" target=\"_blank\" rel=\"noopener\">V\u00edctor Mart\u00ednez-Gil<\/a> en fer abastables relats com aquest, tan interessants alhora que inconeguts i dif\u00edcils d&#8217;accedir-hi, fins ara<\/strong>.<\/p><p style=\"text-align: left;\"><\/p><\/div><\/div><\/div><\/div><\/div><\/section><\/div> <a href=\"https:\/\/elbiblionauta.com\/ca\/2018\/08\/22\/el-mon-fosc-talps-2018-jordi-de-manuel\/#more-21951\" class=\"more-link elementor-more-link\"><span aria-label=\"Continua llegint EL M\u00d3N FOSC. TALPS (2018) &#8211; Jordi de Manuel\">(m\u00e9s&hellip;)<\/span><\/a>","protected":false},"excerpt":{"rendered":"<p>RESSENYA LA NOIA QUE VENIA DEL FUTUR (1974) \u2013 Manuel de Pedrolo Un conte sobre viatges en el temps i les seves paradoxes, del millor Pedrolo. Share on facebook Share<\/p>\n","protected":false},"author":1,"featured_media":12887,"comment_status":"open","ping_status":"closed","sticky":false,"template":"","format":"standard","meta":{"_jetpack_memberships_contains_paid_content":false,"footnotes":"","jetpack_publicize_message":"\u00daltima ressenya al bloc: LA NOIA QUE VENIA DEL FUTUR (1974) - Manuel de Pedrolo @G_Gutenberg Hem descobert en l'antologia de V\u00edctor Mart\u00ednez-Gil una hist\u00f2ria brillant sobre viatges en el temps, d'un dels nostres mestres del fant\u00e0stic. Del tot recomanable.","jetpack_publicize_feature_enabled":true,"jetpack_social_post_already_shared":true,"jetpack_social_options":{"image_generator_settings":{"template":"highway","default_image_id":0,"font":"","enabled":false},"version":2},"_links_to":"","_links_to_target":""},"categories":[244,473],"tags":[147,243],"class_list":["post-5977","post","type-post","status-publish","format-standard","has-post-thumbnail","hentry","category-cienci-ficcio","category-ressenya","tag-pedrolo_manuel-de","tag-cfft-en-catala"],"yoast_head":"<!-- This site is optimized with the Yoast SEO plugin v27.5 - https:\/\/yoast.com\/product\/yoast-seo-wordpress\/ -->\n<title>LA NOIA QUE VENIA DEL FUTUR (1974) - Manuel de Pedrolo | El Biblionauta<\/title>\n<meta name=\"robots\" content=\"index, follow, max-snippet:-1, max-image-preview:large, max-video-preview:-1\" \/>\n<link rel=\"canonical\" href=\"https:\/\/elbiblionauta.com\/ca\/2015\/02\/26\/la-noia-que-venia-del-futur\/\" \/>\n<meta property=\"og:locale\" content=\"ca_ES\" \/>\n<meta property=\"og:type\" content=\"article\" \/>\n<meta property=\"og:title\" content=\"LA NOIA QUE VENIA DEL FUTUR (1974) - Manuel de Pedrolo | El Biblionauta\" \/>\n<meta property=\"og:description\" content=\"RESSENYA LA NOIA QUE VENIA DEL FUTUR (1974) \u2013 Manuel de Pedrolo Un conte sobre viatges en el temps i les seves paradoxes, del millor Pedrolo. Share on facebook Share\" \/>\n<meta property=\"og:url\" content=\"https:\/\/elbiblionauta.com\/ca\/2015\/02\/26\/la-noia-que-venia-del-futur\/\" \/>\n<meta property=\"og:site_name\" content=\"El Biblionauta\" \/>\n<meta property=\"article:publisher\" content=\"https:\/\/www.facebook.com\/ElBiblionauta\" \/>\n<meta property=\"article:author\" content=\"https:\/\/www.facebook.com\/dgmas\" \/>\n<meta property=\"article:published_time\" content=\"2015-02-26T07:00:37+00:00\" \/>\n<meta property=\"article:modified_time\" content=\"2021-09-03T21:06:20+00:00\" \/>\n<meta property=\"og:image\" content=\"https:\/\/elbiblionauta.com\/ca\/wp-content\/uploads\/2016\/07\/els-altres-mons-de-la-literatura-catalana.jpg\" \/>\n\t<meta property=\"og:image:width\" content=\"1113\" \/>\n\t<meta property=\"og:image:height\" content=\"1696\" \/>\n\t<meta property=\"og:image:type\" content=\"image\/jpeg\" \/>\n<meta name=\"author\" content=\"Daniel Gen\u00eds\" \/>\n<meta name=\"twitter:card\" content=\"summary_large_image\" \/>\n<meta name=\"twitter:creator\" content=\"@https:\/\/twitter.com\/DanielGenis\" \/>\n<meta name=\"twitter:site\" content=\"@ElBiblionauta\" \/>\n<meta name=\"twitter:label1\" content=\"Escrit per\" \/>\n\t<meta name=\"twitter:data1\" content=\"Daniel Gen\u00eds\" \/>\n\t<meta name=\"twitter:label2\" content=\"Temps estimat de lectura\" \/>\n\t<meta name=\"twitter:data2\" content=\"10 minuts\" \/>\n<script type=\"application\/ld+json\" class=\"yoast-schema-graph\">{\"@context\":\"https:\\\/\\\/schema.org\",\"@graph\":[{\"@type\":\"Article\",\"@id\":\"https:\\\/\\\/elbiblionauta.com\\\/ca\\\/2015\\\/02\\\/26\\\/la-noia-que-venia-del-futur\\\/#article\",\"isPartOf\":{\"@id\":\"https:\\\/\\\/elbiblionauta.com\\\/ca\\\/2015\\\/02\\\/26\\\/la-noia-que-venia-del-futur\\\/\"},\"author\":{\"name\":\"Daniel Gen\u00eds\",\"@id\":\"https:\\\/\\\/elbiblionauta.com\\\/ca\\\/#\\\/schema\\\/person\\\/160d3487a7f8519ad10540adacbbec31\"},\"headline\":\"LA NOIA QUE VENIA DEL FUTUR (1974) &#8211; Manuel de Pedrolo\",\"datePublished\":\"2015-02-26T07:00:37+00:00\",\"dateModified\":\"2021-09-03T21:06:20+00:00\",\"mainEntityOfPage\":{\"@id\":\"https:\\\/\\\/elbiblionauta.com\\\/ca\\\/2015\\\/02\\\/26\\\/la-noia-que-venia-del-futur\\\/\"},\"wordCount\":886,\"commentCount\":0,\"publisher\":{\"@id\":\"https:\\\/\\\/elbiblionauta.com\\\/ca\\\/#organization\"},\"image\":{\"@id\":\"https:\\\/\\\/elbiblionauta.com\\\/ca\\\/2015\\\/02\\\/26\\\/la-noia-que-venia-del-futur\\\/#primaryimage\"},\"thumbnailUrl\":\"https:\\\/\\\/elbiblionauta.com\\\/ca\\\/wp-content\\\/uploads\\\/2016\\\/07\\\/els-altres-mons-de-la-literatura-catalana.jpg\",\"keywords\":[\"Pedrolo_Manuel de\",\"Ressenya CiFiCat\"],\"articleSection\":[\"Ci\u00e8ncia Ficci\u00f3\",\"Ressenya\"],\"inLanguage\":\"ca\",\"potentialAction\":[{\"@type\":\"CommentAction\",\"name\":\"Comment\",\"target\":[\"https:\\\/\\\/elbiblionauta.com\\\/ca\\\/2015\\\/02\\\/26\\\/la-noia-que-venia-del-futur\\\/#respond\"]}]},{\"@type\":\"WebPage\",\"@id\":\"https:\\\/\\\/elbiblionauta.com\\\/ca\\\/2015\\\/02\\\/26\\\/la-noia-que-venia-del-futur\\\/\",\"url\":\"https:\\\/\\\/elbiblionauta.com\\\/ca\\\/2015\\\/02\\\/26\\\/la-noia-que-venia-del-futur\\\/\",\"name\":\"LA NOIA QUE VENIA DEL FUTUR (1974) - Manuel de Pedrolo | El Biblionauta\",\"isPartOf\":{\"@id\":\"https:\\\/\\\/elbiblionauta.com\\\/ca\\\/#website\"},\"primaryImageOfPage\":{\"@id\":\"https:\\\/\\\/elbiblionauta.com\\\/ca\\\/2015\\\/02\\\/26\\\/la-noia-que-venia-del-futur\\\/#primaryimage\"},\"image\":{\"@id\":\"https:\\\/\\\/elbiblionauta.com\\\/ca\\\/2015\\\/02\\\/26\\\/la-noia-que-venia-del-futur\\\/#primaryimage\"},\"thumbnailUrl\":\"https:\\\/\\\/elbiblionauta.com\\\/ca\\\/wp-content\\\/uploads\\\/2016\\\/07\\\/els-altres-mons-de-la-literatura-catalana.jpg\",\"datePublished\":\"2015-02-26T07:00:37+00:00\",\"dateModified\":\"2021-09-03T21:06:20+00:00\",\"breadcrumb\":{\"@id\":\"https:\\\/\\\/elbiblionauta.com\\\/ca\\\/2015\\\/02\\\/26\\\/la-noia-que-venia-del-futur\\\/#breadcrumb\"},\"inLanguage\":\"ca\",\"potentialAction\":[{\"@type\":\"ReadAction\",\"target\":[\"https:\\\/\\\/elbiblionauta.com\\\/ca\\\/2015\\\/02\\\/26\\\/la-noia-que-venia-del-futur\\\/\"]}]},{\"@type\":\"ImageObject\",\"inLanguage\":\"ca\",\"@id\":\"https:\\\/\\\/elbiblionauta.com\\\/ca\\\/2015\\\/02\\\/26\\\/la-noia-que-venia-del-futur\\\/#primaryimage\",\"url\":\"https:\\\/\\\/elbiblionauta.com\\\/ca\\\/wp-content\\\/uploads\\\/2016\\\/07\\\/els-altres-mons-de-la-literatura-catalana.jpg\",\"contentUrl\":\"https:\\\/\\\/elbiblionauta.com\\\/ca\\\/wp-content\\\/uploads\\\/2016\\\/07\\\/els-altres-mons-de-la-literatura-catalana.jpg\",\"width\":1113,\"height\":1696},{\"@type\":\"BreadcrumbList\",\"@id\":\"https:\\\/\\\/elbiblionauta.com\\\/ca\\\/2015\\\/02\\\/26\\\/la-noia-que-venia-del-futur\\\/#breadcrumb\",\"itemListElement\":[{\"@type\":\"ListItem\",\"position\":1,\"name\":\"Inici\",\"item\":\"https:\\\/\\\/elbiblionauta.com\\\/ca\\\/\"},{\"@type\":\"ListItem\",\"position\":2,\"name\":\"LA NOIA QUE VENIA DEL FUTUR (1974) &#8211; Manuel de Pedrolo\"}]},{\"@type\":\"WebSite\",\"@id\":\"https:\\\/\\\/elbiblionauta.com\\\/ca\\\/#website\",\"url\":\"https:\\\/\\\/elbiblionauta.com\\\/ca\\\/\",\"name\":\"El Biblionauta\",\"description\":\"El teu portal de literatura fant\u00e0stica en catal\u00e0.\",\"publisher\":{\"@id\":\"https:\\\/\\\/elbiblionauta.com\\\/ca\\\/#organization\"},\"potentialAction\":[{\"@type\":\"SearchAction\",\"target\":{\"@type\":\"EntryPoint\",\"urlTemplate\":\"https:\\\/\\\/elbiblionauta.com\\\/ca\\\/?s={search_term_string}\"},\"query-input\":{\"@type\":\"PropertyValueSpecification\",\"valueRequired\":true,\"valueName\":\"search_term_string\"}}],\"inLanguage\":\"ca\"},{\"@type\":\"Organization\",\"@id\":\"https:\\\/\\\/elbiblionauta.com\\\/ca\\\/#organization\",\"name\":\"El Biblionauta\",\"url\":\"https:\\\/\\\/elbiblionauta.com\\\/ca\\\/\",\"logo\":{\"@type\":\"ImageObject\",\"inLanguage\":\"ca\",\"@id\":\"https:\\\/\\\/elbiblionauta.com\\\/ca\\\/#\\\/schema\\\/logo\\\/image\\\/\",\"url\":\"https:\\\/\\\/elbiblionauta.com\\\/ca\\\/wp-content\\\/uploads\\\/2022\\\/04\\\/logo-biblio2.png\",\"contentUrl\":\"https:\\\/\\\/elbiblionauta.com\\\/ca\\\/wp-content\\\/uploads\\\/2022\\\/04\\\/logo-biblio2.png\",\"width\":120,\"height\":120,\"caption\":\"El Biblionauta\"},\"image\":{\"@id\":\"https:\\\/\\\/elbiblionauta.com\\\/ca\\\/#\\\/schema\\\/logo\\\/image\\\/\"},\"sameAs\":[\"https:\\\/\\\/www.facebook.com\\\/ElBiblionauta\",\"https:\\\/\\\/x.com\\\/ElBiblionauta\"]},{\"@type\":\"Person\",\"@id\":\"https:\\\/\\\/elbiblionauta.com\\\/ca\\\/#\\\/schema\\\/person\\\/160d3487a7f8519ad10540adacbbec31\",\"name\":\"Daniel Gen\u00eds\",\"image\":{\"@type\":\"ImageObject\",\"inLanguage\":\"ca\",\"@id\":\"https:\\\/\\\/elbiblionauta.com\\\/ca\\\/wp-content\\\/uploads\\\/2022\\\/12\\\/dgenis23-100x100.png\",\"url\":\"https:\\\/\\\/elbiblionauta.com\\\/ca\\\/wp-content\\\/uploads\\\/2022\\\/12\\\/dgenis23-100x100.png\",\"contentUrl\":\"https:\\\/\\\/elbiblionauta.com\\\/ca\\\/wp-content\\\/uploads\\\/2022\\\/12\\\/dgenis23-100x100.png\",\"caption\":\"Daniel Gen\u00eds\"},\"description\":\"Doctor en literatura. Professor de catal\u00e0. Culturalment dispers. Exdirector de la col\u00b7lecci\u00f3 \\\"Ci\u00e8ncia-Ficci\u00f3\\\" de Pag\u00e8s Editors, actualment fa d'assessor a \\\"L'Arc\u00e0\\\" de Laertes. \u00c9s l'editor en cap de El Biblionauta.\",\"sameAs\":[\"http:\\\/\\\/danielgenis.cat\\\/\",\"https:\\\/\\\/www.facebook.com\\\/dgmas\",\"https:\\\/\\\/x.com\\\/https:\\\/\\\/twitter.com\\\/DanielGenis\"],\"url\":\"https:\\\/\\\/elbiblionauta.com\\\/ca\\\/author\\\/dgenis\\\/\"}]}<\/script>\n<!-- \/ Yoast SEO plugin. -->","yoast_head_json":{"title":"LA NOIA QUE VENIA DEL FUTUR (1974) - Manuel de Pedrolo | El Biblionauta","robots":{"index":"index","follow":"follow","max-snippet":"max-snippet:-1","max-image-preview":"max-image-preview:large","max-video-preview":"max-video-preview:-1"},"canonical":"https:\/\/elbiblionauta.com\/ca\/2015\/02\/26\/la-noia-que-venia-del-futur\/","og_locale":"ca_ES","og_type":"article","og_title":"LA NOIA QUE VENIA DEL FUTUR (1974) - Manuel de Pedrolo | El Biblionauta","og_description":"RESSENYA LA NOIA QUE VENIA DEL FUTUR (1974) \u2013 Manuel de Pedrolo Un conte sobre viatges en el temps i les seves paradoxes, del millor Pedrolo. Share on facebook Share","og_url":"https:\/\/elbiblionauta.com\/ca\/2015\/02\/26\/la-noia-que-venia-del-futur\/","og_site_name":"El Biblionauta","article_publisher":"https:\/\/www.facebook.com\/ElBiblionauta","article_author":"https:\/\/www.facebook.com\/dgmas","article_published_time":"2015-02-26T07:00:37+00:00","article_modified_time":"2021-09-03T21:06:20+00:00","og_image":[{"width":1113,"height":1696,"url":"https:\/\/elbiblionauta.com\/ca\/wp-content\/uploads\/2016\/07\/els-altres-mons-de-la-literatura-catalana.jpg","type":"image\/jpeg"}],"author":"Daniel Gen\u00eds","twitter_card":"summary_large_image","twitter_creator":"@https:\/\/twitter.com\/DanielGenis","twitter_site":"@ElBiblionauta","twitter_misc":{"Escrit per":"Daniel Gen\u00eds","Temps estimat de lectura":"10 minuts"},"schema":{"@context":"https:\/\/schema.org","@graph":[{"@type":"Article","@id":"https:\/\/elbiblionauta.com\/ca\/2015\/02\/26\/la-noia-que-venia-del-futur\/#article","isPartOf":{"@id":"https:\/\/elbiblionauta.com\/ca\/2015\/02\/26\/la-noia-que-venia-del-futur\/"},"author":{"name":"Daniel Gen\u00eds","@id":"https:\/\/elbiblionauta.com\/ca\/#\/schema\/person\/160d3487a7f8519ad10540adacbbec31"},"headline":"LA NOIA QUE VENIA DEL FUTUR (1974) &#8211; Manuel de Pedrolo","datePublished":"2015-02-26T07:00:37+00:00","dateModified":"2021-09-03T21:06:20+00:00","mainEntityOfPage":{"@id":"https:\/\/elbiblionauta.com\/ca\/2015\/02\/26\/la-noia-que-venia-del-futur\/"},"wordCount":886,"commentCount":0,"publisher":{"@id":"https:\/\/elbiblionauta.com\/ca\/#organization"},"image":{"@id":"https:\/\/elbiblionauta.com\/ca\/2015\/02\/26\/la-noia-que-venia-del-futur\/#primaryimage"},"thumbnailUrl":"https:\/\/elbiblionauta.com\/ca\/wp-content\/uploads\/2016\/07\/els-altres-mons-de-la-literatura-catalana.jpg","keywords":["Pedrolo_Manuel de","Ressenya CiFiCat"],"articleSection":["Ci\u00e8ncia Ficci\u00f3","Ressenya"],"inLanguage":"ca","potentialAction":[{"@type":"CommentAction","name":"Comment","target":["https:\/\/elbiblionauta.com\/ca\/2015\/02\/26\/la-noia-que-venia-del-futur\/#respond"]}]},{"@type":"WebPage","@id":"https:\/\/elbiblionauta.com\/ca\/2015\/02\/26\/la-noia-que-venia-del-futur\/","url":"https:\/\/elbiblionauta.com\/ca\/2015\/02\/26\/la-noia-que-venia-del-futur\/","name":"LA NOIA QUE VENIA DEL FUTUR (1974) - Manuel de Pedrolo | El Biblionauta","isPartOf":{"@id":"https:\/\/elbiblionauta.com\/ca\/#website"},"primaryImageOfPage":{"@id":"https:\/\/elbiblionauta.com\/ca\/2015\/02\/26\/la-noia-que-venia-del-futur\/#primaryimage"},"image":{"@id":"https:\/\/elbiblionauta.com\/ca\/2015\/02\/26\/la-noia-que-venia-del-futur\/#primaryimage"},"thumbnailUrl":"https:\/\/elbiblionauta.com\/ca\/wp-content\/uploads\/2016\/07\/els-altres-mons-de-la-literatura-catalana.jpg","datePublished":"2015-02-26T07:00:37+00:00","dateModified":"2021-09-03T21:06:20+00:00","breadcrumb":{"@id":"https:\/\/elbiblionauta.com\/ca\/2015\/02\/26\/la-noia-que-venia-del-futur\/#breadcrumb"},"inLanguage":"ca","potentialAction":[{"@type":"ReadAction","target":["https:\/\/elbiblionauta.com\/ca\/2015\/02\/26\/la-noia-que-venia-del-futur\/"]}]},{"@type":"ImageObject","inLanguage":"ca","@id":"https:\/\/elbiblionauta.com\/ca\/2015\/02\/26\/la-noia-que-venia-del-futur\/#primaryimage","url":"https:\/\/elbiblionauta.com\/ca\/wp-content\/uploads\/2016\/07\/els-altres-mons-de-la-literatura-catalana.jpg","contentUrl":"https:\/\/elbiblionauta.com\/ca\/wp-content\/uploads\/2016\/07\/els-altres-mons-de-la-literatura-catalana.jpg","width":1113,"height":1696},{"@type":"BreadcrumbList","@id":"https:\/\/elbiblionauta.com\/ca\/2015\/02\/26\/la-noia-que-venia-del-futur\/#breadcrumb","itemListElement":[{"@type":"ListItem","position":1,"name":"Inici","item":"https:\/\/elbiblionauta.com\/ca\/"},{"@type":"ListItem","position":2,"name":"LA NOIA QUE VENIA DEL FUTUR (1974) &#8211; Manuel de Pedrolo"}]},{"@type":"WebSite","@id":"https:\/\/elbiblionauta.com\/ca\/#website","url":"https:\/\/elbiblionauta.com\/ca\/","name":"El Biblionauta","description":"El teu portal de literatura fant\u00e0stica en catal\u00e0.","publisher":{"@id":"https:\/\/elbiblionauta.com\/ca\/#organization"},"potentialAction":[{"@type":"SearchAction","target":{"@type":"EntryPoint","urlTemplate":"https:\/\/elbiblionauta.com\/ca\/?s={search_term_string}"},"query-input":{"@type":"PropertyValueSpecification","valueRequired":true,"valueName":"search_term_string"}}],"inLanguage":"ca"},{"@type":"Organization","@id":"https:\/\/elbiblionauta.com\/ca\/#organization","name":"El Biblionauta","url":"https:\/\/elbiblionauta.com\/ca\/","logo":{"@type":"ImageObject","inLanguage":"ca","@id":"https:\/\/elbiblionauta.com\/ca\/#\/schema\/logo\/image\/","url":"https:\/\/elbiblionauta.com\/ca\/wp-content\/uploads\/2022\/04\/logo-biblio2.png","contentUrl":"https:\/\/elbiblionauta.com\/ca\/wp-content\/uploads\/2022\/04\/logo-biblio2.png","width":120,"height":120,"caption":"El Biblionauta"},"image":{"@id":"https:\/\/elbiblionauta.com\/ca\/#\/schema\/logo\/image\/"},"sameAs":["https:\/\/www.facebook.com\/ElBiblionauta","https:\/\/x.com\/ElBiblionauta"]},{"@type":"Person","@id":"https:\/\/elbiblionauta.com\/ca\/#\/schema\/person\/160d3487a7f8519ad10540adacbbec31","name":"Daniel Gen\u00eds","image":{"@type":"ImageObject","inLanguage":"ca","@id":"https:\/\/elbiblionauta.com\/ca\/wp-content\/uploads\/2022\/12\/dgenis23-100x100.png","url":"https:\/\/elbiblionauta.com\/ca\/wp-content\/uploads\/2022\/12\/dgenis23-100x100.png","contentUrl":"https:\/\/elbiblionauta.com\/ca\/wp-content\/uploads\/2022\/12\/dgenis23-100x100.png","caption":"Daniel Gen\u00eds"},"description":"Doctor en literatura. Professor de catal\u00e0. Culturalment dispers. Exdirector de la col\u00b7lecci\u00f3 \"Ci\u00e8ncia-Ficci\u00f3\" de Pag\u00e8s Editors, actualment fa d'assessor a \"L'Arc\u00e0\" de Laertes. \u00c9s l'editor en cap de El Biblionauta.","sameAs":["http:\/\/danielgenis.cat\/","https:\/\/www.facebook.com\/dgmas","https:\/\/x.com\/https:\/\/twitter.com\/DanielGenis"],"url":"https:\/\/elbiblionauta.com\/ca\/author\/dgenis\/"}]}},"jetpack_publicize_connections":[],"jetpack_featured_media_url":"https:\/\/elbiblionauta.com\/ca\/wp-content\/uploads\/2016\/07\/els-altres-mons-de-la-literatura-catalana.jpg","jetpack_sharing_enabled":true,"jetpack_likes_enabled":false,"jetpack_shortlink":"https:\/\/wp.me\/p5gpck-1yp","_links":{"self":[{"href":"https:\/\/elbiblionauta.com\/ca\/wp-json\/wp\/v2\/posts\/5977","targetHints":{"allow":["GET"]}}],"collection":[{"href":"https:\/\/elbiblionauta.com\/ca\/wp-json\/wp\/v2\/posts"}],"about":[{"href":"https:\/\/elbiblionauta.com\/ca\/wp-json\/wp\/v2\/types\/post"}],"author":[{"embeddable":true,"href":"https:\/\/elbiblionauta.com\/ca\/wp-json\/wp\/v2\/users\/1"}],"replies":[{"embeddable":true,"href":"https:\/\/elbiblionauta.com\/ca\/wp-json\/wp\/v2\/comments?post=5977"}],"version-history":[{"count":0,"href":"https:\/\/elbiblionauta.com\/ca\/wp-json\/wp\/v2\/posts\/5977\/revisions"}],"wp:featuredmedia":[{"embeddable":true,"href":"https:\/\/elbiblionauta.com\/ca\/wp-json\/wp\/v2\/media\/12887"}],"wp:attachment":[{"href":"https:\/\/elbiblionauta.com\/ca\/wp-json\/wp\/v2\/media?parent=5977"}],"wp:term":[{"taxonomy":"category","embeddable":true,"href":"https:\/\/elbiblionauta.com\/ca\/wp-json\/wp\/v2\/categories?post=5977"},{"taxonomy":"post_tag","embeddable":true,"href":"https:\/\/elbiblionauta.com\/ca\/wp-json\/wp\/v2\/tags?post=5977"}],"curies":[{"name":"wp","href":"https:\/\/api.w.org\/{rel}","templated":true}]}}