{"id":4117,"date":"2014-08-01T00:30:24","date_gmt":"2014-07-31T22:30:24","guid":{"rendered":"http:\/\/danielgenis.com\/elbiblionauta\/el-zombi-i-el-mulat-de-murillo-iii-un-conte"},"modified":"2021-09-03T13:10:25","modified_gmt":"2021-09-03T11:10:25","slug":"el-zombi-i-el-mulat-de-murillo-iii-un-conte","status":"publish","type":"post","link":"https:\/\/elbiblionauta.com\/ca\/2014\/08\/01\/el-zombi-i-el-mulat-de-murillo-iii-un-conte\/","title":{"rendered":"EL ZOMBI I EL MULAT DE MURILLO (III). UN CONTE"},"content":{"rendered":"\t\t<div data-elementor-type=\"wp-post\" data-elementor-id=\"4117\" class=\"elementor elementor-4117\" data-elementor-post-type=\"post\">\n\t\t\t\t\t\t<section class=\"elementor-section elementor-top-section elementor-element elementor-element-6c4e0305 elementor-section-boxed elementor-section-height-default elementor-section-height-default\" data-id=\"6c4e0305\" data-element_type=\"section\" data-e-type=\"section\">\n\t\t\t\t\t\t<div class=\"elementor-container elementor-column-gap-default\">\n\t\t\t\t\t<div class=\"elementor-column elementor-col-100 elementor-top-column elementor-element elementor-element-300032ac\" data-id=\"300032ac\" data-element_type=\"column\" data-e-type=\"column\">\n\t\t\t<div class=\"elementor-widget-wrap elementor-element-populated\">\n\t\t\t\t\t\t<div class=\"elementor-element elementor-element-3b36c2e3 elementor-widget elementor-widget-heading\" data-id=\"3b36c2e3\" data-element_type=\"widget\" data-e-type=\"widget\" data-widget_type=\"heading.default\">\n\t\t\t\t<div class=\"elementor-widget-container\">\n\t\t\t\t\t<h3 class=\"elementor-heading-title elementor-size-default\">OPINI\u00d3<\/h3>\t\t\t\t<\/div>\n\t\t\t\t<\/div>\n\t\t\t\t<div class=\"elementor-element elementor-element-3e5b8968 elementor-widget elementor-widget-heading\" data-id=\"3e5b8968\" data-element_type=\"widget\" data-e-type=\"widget\" data-widget_type=\"heading.default\">\n\t\t\t\t<div class=\"elementor-widget-container\">\n\t\t\t\t\t<h1 class=\"elementor-heading-title elementor-size-default\">EL ZOMBI I EL MULAT DE MURILLO (III). UN CONTE\n<\/h1>\t\t\t\t<\/div>\n\t\t\t\t<\/div>\n\t\t\t\t<div class=\"elementor-element elementor-element-54d703ab elementor-widget elementor-widget-text-editor\" data-id=\"54d703ab\" data-element_type=\"widget\" data-e-type=\"widget\" data-widget_type=\"text-editor.default\">\n\t\t\t\t<div class=\"elementor-widget-container\">\n\t\t\t\t\t\t\t\t\t<p>\u00daltim episodi de les aventures d&#8217;aquest peculiar zombi.<\/p>\t\t\t\t\t\t\t\t<\/div>\n\t\t\t\t<\/div>\n\t\t\t\t<section class=\"elementor-section elementor-inner-section elementor-element elementor-element-1e5862b9 elementor-section-boxed elementor-section-height-default elementor-section-height-default\" data-id=\"1e5862b9\" data-element_type=\"section\" data-e-type=\"section\">\n\t\t\t\t\t\t<div class=\"elementor-container elementor-column-gap-default\">\n\t\t\t\t\t<div class=\"elementor-column elementor-col-50 elementor-inner-column elementor-element elementor-element-6d701cd1\" data-id=\"6d701cd1\" data-element_type=\"column\" data-e-type=\"column\">\n\t\t\t<div class=\"elementor-widget-wrap elementor-element-populated\">\n\t\t\t\t\t\t<div class=\"elementor-element elementor-element-7cd8f3e0 elementor-widget elementor-widget-post-info\" data-id=\"7cd8f3e0\" data-element_type=\"widget\" data-e-type=\"widget\" data-widget_type=\"post-info.default\">\n\t\t\t\t<div class=\"elementor-widget-container\">\n\t\t\t\t\t\t\t<ul class=\"elementor-inline-items elementor-icon-list-items elementor-post-info\">\n\t\t\t\t\t\t\t\t<li class=\"elementor-icon-list-item elementor-repeater-item-9ac5e8c elementor-inline-item\" itemprop=\"datePublished\">\n\t\t\t\t\t\t<a href=\"https:\/\/elbiblionauta.com\/ca\/2014\/08\/01\/\">\n\t\t\t\t\t\t\t\t\t\t\t<span class=\"elementor-icon-list-icon\">\n\t\t\t\t\t\t\t\t<i aria-hidden=\"true\" class=\"far fa-clock\"><\/i>\t\t\t\t\t\t\t<\/span>\n\t\t\t\t\t\t\t\t\t<span class=\"elementor-icon-list-text elementor-post-info__item elementor-post-info__item--type-date\">\n\t\t\t\t\t\t\t\t\t\t<time> 1 d'agost de 2014<\/time>\t\t\t\t\t<\/span>\n\t\t\t\t\t\t\t\t\t<\/a>\n\t\t\t\t<\/li>\n\t\t\t\t<li class=\"elementor-icon-list-item elementor-repeater-item-0970ca3 elementor-inline-item\" itemprop=\"commentCount\">\n\t\t\t\t\t\t<a href=\"https:\/\/elbiblionauta.com\/ca\/2014\/08\/01\/el-zombi-i-el-mulat-de-murillo-iii-un-conte\/#respond\">\n\t\t\t\t\t\t\t\t\t\t\t<span class=\"elementor-icon-list-icon\">\n\t\t\t\t\t\t\t\t<i aria-hidden=\"true\" class=\"far fa-comment-dots\"><\/i>\t\t\t\t\t\t\t<\/span>\n\t\t\t\t\t\t\t\t\t<span class=\"elementor-icon-list-text elementor-post-info__item elementor-post-info__item--type-comments\">\n\t\t\t\t\t\t\t\t\t\tSense comentaris\t\t\t\t\t<\/span>\n\t\t\t\t\t\t\t\t\t<\/a>\n\t\t\t\t<\/li>\n\t\t\t\t<\/ul>\n\t\t\t\t\t\t<\/div>\n\t\t\t\t<\/div>\n\t\t\t\t\t<\/div>\n\t\t<\/div>\n\t\t\t\t<div class=\"elementor-column elementor-col-50 elementor-inner-column elementor-element elementor-element-22517174\" data-id=\"22517174\" data-element_type=\"column\" data-e-type=\"column\">\n\t\t\t<div class=\"elementor-widget-wrap elementor-element-populated\">\n\t\t\t\t\t\t<div class=\"elementor-element elementor-element-3660fa32 elementor-share-buttons--view-icon elementor-share-buttons--shape-circle elementor-share-buttons--align-right elementor-share-buttons-mobile--align-right elementor-hidden-phone elementor-share-buttons--skin-gradient elementor-grid-0 elementor-share-buttons--color-official elementor-widget elementor-widget-share-buttons\" data-id=\"3660fa32\" data-element_type=\"widget\" data-e-type=\"widget\" data-widget_type=\"share-buttons.default\">\n\t\t\t\t<div class=\"elementor-widget-container\">\n\t\t\t\t\t\t\t<div class=\"elementor-grid\" role=\"list\">\n\t\t\t\t\t\t\t\t<div class=\"elementor-grid-item\" role=\"listitem\">\n\t\t\t\t\t\t<div class=\"elementor-share-btn elementor-share-btn_facebook\" role=\"button\" tabindex=\"0\" aria-label=\"Compartici\u00f3 en facebook\">\n\t\t\t\t\t\t\t\t\t\t\t\t\t\t\t<span class=\"elementor-share-btn__icon\">\n\t\t\t\t\t\t\t\t<i class=\"fab fa-facebook\" aria-hidden=\"true\"><\/i>\t\t\t\t\t\t\t<\/span>\n\t\t\t\t\t\t\t\t\t\t\t\t\t\t\t\t\t\t\t\t<\/div>\n\t\t\t\t\t<\/div>\n\t\t\t\t\t\t\t\t\t<div class=\"elementor-grid-item\" role=\"listitem\">\n\t\t\t\t\t\t<div class=\"elementor-share-btn elementor-share-btn_twitter\" role=\"button\" tabindex=\"0\" aria-label=\"Compartici\u00f3 en twitter\">\n\t\t\t\t\t\t\t\t\t\t\t\t\t\t\t<span class=\"elementor-share-btn__icon\">\n\t\t\t\t\t\t\t\t<i class=\"fab fa-twitter\" aria-hidden=\"true\"><\/i>\t\t\t\t\t\t\t<\/span>\n\t\t\t\t\t\t\t\t\t\t\t\t\t\t\t\t\t\t\t\t<\/div>\n\t\t\t\t\t<\/div>\n\t\t\t\t\t\t\t\t\t<div class=\"elementor-grid-item\" role=\"listitem\">\n\t\t\t\t\t\t<div class=\"elementor-share-btn elementor-share-btn_whatsapp\" role=\"button\" tabindex=\"0\" aria-label=\"Compartici\u00f3 en whatsapp\">\n\t\t\t\t\t\t\t\t\t\t\t\t\t\t\t<span class=\"elementor-share-btn__icon\">\n\t\t\t\t\t\t\t\t<i class=\"fab fa-whatsapp\" aria-hidden=\"true\"><\/i>\t\t\t\t\t\t\t<\/span>\n\t\t\t\t\t\t\t\t\t\t\t\t\t\t\t\t\t\t\t\t<\/div>\n\t\t\t\t\t<\/div>\n\t\t\t\t\t\t\t\t\t<div class=\"elementor-grid-item\" role=\"listitem\">\n\t\t\t\t\t\t<div class=\"elementor-share-btn elementor-share-btn_email\" role=\"button\" tabindex=\"0\" aria-label=\"Compartici\u00f3 en email\">\n\t\t\t\t\t\t\t\t\t\t\t\t\t\t\t<span class=\"elementor-share-btn__icon\">\n\t\t\t\t\t\t\t\t<i class=\"fas fa-envelope\" aria-hidden=\"true\"><\/i>\t\t\t\t\t\t\t<\/span>\n\t\t\t\t\t\t\t\t\t\t\t\t\t\t\t\t\t\t\t\t<\/div>\n\t\t\t\t\t<\/div>\n\t\t\t\t\t\t\t\t\t<div class=\"elementor-grid-item\" role=\"listitem\">\n\t\t\t\t\t\t<div class=\"elementor-share-btn elementor-share-btn_print\" role=\"button\" tabindex=\"0\" aria-label=\"Compartici\u00f3 en print\">\n\t\t\t\t\t\t\t\t\t\t\t\t\t\t\t<span class=\"elementor-share-btn__icon\">\n\t\t\t\t\t\t\t\t<i class=\"fas fa-print\" aria-hidden=\"true\"><\/i>\t\t\t\t\t\t\t<\/span>\n\t\t\t\t\t\t\t\t\t\t\t\t\t\t\t\t\t\t\t\t<\/div>\n\t\t\t\t\t<\/div>\n\t\t\t\t\t\t<\/div>\n\t\t\t\t\t\t<\/div>\n\t\t\t\t<\/div>\n\t\t\t\t\t<\/div>\n\t\t<\/div>\n\t\t\t\t\t<\/div>\n\t\t<\/section>\n\t\t\t\t\t<\/div>\n\t\t<\/div>\n\t\t\t\t\t<\/div>\n\t\t<\/section>\n\t\t\t\t<section class=\"elementor-section elementor-top-section elementor-element elementor-element-5e82b8f5 elementor-section-boxed elementor-section-height-default elementor-section-height-default\" data-id=\"5e82b8f5\" data-element_type=\"section\" data-e-type=\"section\">\n\t\t\t\t\t\t<div class=\"elementor-container elementor-column-gap-default\">\n\t\t\t\t\t<div class=\"elementor-column elementor-col-100 elementor-top-column elementor-element elementor-element-422bbcc9\" data-id=\"422bbcc9\" data-element_type=\"column\" data-e-type=\"column\">\n\t\t\t<div class=\"elementor-widget-wrap elementor-element-populated\">\n\t\t\t\t\t\t<div class=\"elementor-element elementor-element-3a976a81 elementor-widget-divider--view-line elementor-widget elementor-widget-divider\" data-id=\"3a976a81\" data-element_type=\"widget\" data-e-type=\"widget\" data-widget_type=\"divider.default\">\n\t\t\t\t<div class=\"elementor-widget-container\">\n\t\t\t\t\t\t\t<div class=\"elementor-divider\">\n\t\t\t<span class=\"elementor-divider-separator\">\n\t\t\t\t\t\t<\/span>\n\t\t<\/div>\n\t\t\t\t\t\t<\/div>\n\t\t\t\t<\/div>\n\t\t\t\t\t<\/div>\n\t\t<\/div>\n\t\t\t\t\t<\/div>\n\t\t<\/section>\n\t\t\t\t<section class=\"elementor-section elementor-top-section elementor-element elementor-element-217528e elementor-section-boxed elementor-section-height-default elementor-section-height-default\" data-id=\"217528e\" data-element_type=\"section\" data-e-type=\"section\">\n\t\t\t\t\t\t<div class=\"elementor-container elementor-column-gap-default\">\n\t\t\t\t\t<div class=\"elementor-column elementor-col-50 elementor-top-column elementor-element elementor-element-2e6dd971\" data-id=\"2e6dd971\" data-element_type=\"column\" data-e-type=\"column\">\n\t\t\t<div class=\"elementor-widget-wrap elementor-element-populated\">\n\t\t\t\t\t\t<div class=\"elementor-element elementor-element-30facd88 elementor-widget elementor-widget-image\" data-id=\"30facd88\" data-element_type=\"widget\" data-e-type=\"widget\" data-widget_type=\"image.default\">\n\t\t\t\t<div class=\"elementor-widget-container\">\n\t\t\t\t\t\t\t\t\t\t\t\t<figure class=\"wp-caption\">\n\t\t\t\t\t\t\t\t\t\t<img decoding=\"async\" src=\"https:\/\/elbiblionauta.com\/ca\/wp-content\/uploads\/2016\/07\/8.-hemeroteca.jpg\" title=\"\" alt=\"\" loading=\"lazy\" \/>\t\t\t\t\t\t\t\t\t\t\t<figcaption class=\"widget-image-caption wp-caption-text\">Metropolis (Fritz Lang, 1927)<\/figcaption>\n\t\t\t\t\t\t\t\t\t\t<\/figure>\n\t\t\t\t\t\t\t\t\t<\/div>\n\t\t\t\t<\/div>\n\t\t\t\t<div class=\"elementor-element elementor-element-2b9be1cd elementor-author-box--avatar-yes elementor-author-box--name-yes elementor-author-box--link-no elementor-widget elementor-widget-author-box\" data-id=\"2b9be1cd\" data-element_type=\"widget\" data-e-type=\"widget\" data-widget_type=\"author-box.default\">\n\t\t\t\t<div class=\"elementor-widget-container\">\n\t\t\t\t\t\t\t<div class=\"elementor-author-box\">\n\t\t\t\t\t\t\t<a href=\"https:\/\/elbiblionauta.com\/ca\/author\/dgenis\/\" class=\"elementor-author-box__avatar\">\n\t\t\t\t\t<img decoding=\"async\" src=\"https:\/\/elbiblionauta.com\/ca\/wp-content\/uploads\/2022\/12\/dgenis23-300x300.png\" alt=\"Picture of Daniel Gen\u00eds\" loading=\"lazy\"\/>\n\t\t\t\t<\/a>\n\t\t\t\n\t\t\t<div class=\"elementor-author-box__text\">\n\t\t\t\t\t\t\t\t\t<a href=\"https:\/\/elbiblionauta.com\/ca\/author\/dgenis\/\">\n\t\t\t\t\t\t<h1 class=\"elementor-author-box__name\">\n\t\t\t\t\t\t\tDaniel Gen\u00eds\t\t\t\t\t\t<\/h1>\n\t\t\t\t\t<\/a>\n\t\t\t\t\n\t\t\t\t\n\t\t\t\t\t\t\t<\/div>\n\t\t<\/div>\n\t\t\t\t\t\t<\/div>\n\t\t\t\t<\/div>\n\t\t\t\t<div class=\"elementor-element elementor-element-175f8e0e elementor-widget elementor-widget-text-editor\" data-id=\"175f8e0e\" data-element_type=\"widget\" data-e-type=\"widget\" data-widget_type=\"text-editor.default\">\n\t\t\t\t<div class=\"elementor-widget-container\">\n\t\t\t\t\t\t\t\t\t<p>Professor i escriptor<\/p>\t\t\t\t\t\t\t\t<\/div>\n\t\t\t\t<\/div>\n\t\t\t\t<div class=\"elementor-element elementor-element-7f285171 elementor-widget elementor-widget-text-editor\" data-id=\"7f285171\" data-element_type=\"widget\" data-e-type=\"widget\" data-widget_type=\"text-editor.default\">\n\t\t\t\t<div class=\"elementor-widget-container\">\n\t\t\t\t\t\t\t\t\t<p style=\"text-align: left;\">Finalment, avui presentem <strong>la tercera i \u00faltima entrega del relat sobre l\u2019esclau mulat del pintor <a href=\"http:\/\/ca.wikipedia.org\/wiki\/Bartolom%C3%A9_Esteban_Murillo\" target=\"_blank\" rel=\"noopener noreferrer\">Murillo <\/a>i la hist\u00f2ria del zombi.<\/strong> En els episodis anteriors ja hem introdu\u00eft el relat convenientment. En el primer ens vam fer ress\u00f2 de la popularitat d\u2019aquesta hist\u00f2ria, no \u00fanicament en l\u2019\u00e0mbit espanyol, sin\u00f3 tamb\u00e9 universal, on <strong><a href=\"http:\/\/ca.wikipedia.org\/wiki\/Hans_Christian_Andersen\" target=\"_blank\" rel=\"noopener noreferrer\">Hans Christian Andersen<\/a><\/strong> va donar consist\u00e8ncia al conte. D\u2019aqu\u00ed parteix la hist\u00f2ria que ens narra <strong>Jos\u00e9 Mar\u00eda Vallejo<\/strong>, segurament. En el segon aprofund\u00edem en l\u2019origen crioll del mite dels \u201czombis\u201d i el pos\u00e0vem en relaci\u00f3 a la condici\u00f3 d\u2019esclaus dels primers zombis. <strong>En aquesta tercera part presentem els cap\u00edtols V, VI i VII. En el primer de tots, l\u2019autor s\u2019est\u00e9n novament en el tema de les desigualtats socials<\/strong> i en la dif\u00edcil situaci\u00f3 del mulat de Murillo, havent de desenvolupar el seu geni des de la clandestinitat, ens diu. <strong>El seg\u00fcent cap\u00edtol, el VI, \u00e9s en realitat la cloenda del conte<\/strong>, amb el descobriment del secret i la resoluci\u00f3, feli\u00e7, de tot el cas. Finalment, hi ha encara un breu cap\u00edtol, <strong>el VII, que funciona podr\u00edem dir que a mode d\u2019ep\u00edleg, sense gaire inter\u00e8s.<\/strong><\/p><p style=\"text-align: left;\"><\/p><\/div><\/div><\/div><\/div><\/div><\/section><\/div> <a href=\"https:\/\/elbiblionauta.com\/ca\/2018\/09\/12\/la-primera-onada-2018-marilo-alvarez-sanchis\/#more-22024\" class=\"more-link elementor-more-link\"><span aria-label=\"Continua llegint LA PRIMERA ONADA (2018) \u2013 Maril\u00f3 \u00c1lvarez Sanchis\">(m\u00e9s&hellip;)<\/span><\/a>","protected":false},"excerpt":{"rendered":"<p>OPINI\u00d3 EL ZOMBI I EL MULAT DE MURILLO (III). UN CONTE \u00daltim episodi de les aventures d&#8217;aquest peculiar zombi. Share on facebook Share on twitter Share on whatsapp Share on<\/p>\n","protected":false},"author":1,"featured_media":0,"comment_status":"open","ping_status":"open","sticky":false,"template":"","format":"standard","meta":{"_jetpack_memberships_contains_paid_content":false,"footnotes":"","jetpack_publicize_message":"","jetpack_publicize_feature_enabled":true,"jetpack_social_post_already_shared":false,"jetpack_social_options":{"image_generator_settings":{"template":"highway","default_image_id":0,"font":"","enabled":false},"version":2},"_links_to":"","_links_to_target":""},"categories":[235,290],"tags":[928],"class_list":["post-4117","post","type-post","status-publish","format-standard","hentry","category-hemeroteca","category-terror","tag-opinio-cificat"],"yoast_head":"<!-- This site is optimized with the Yoast SEO plugin v27.5 - https:\/\/yoast.com\/product\/yoast-seo-wordpress\/ -->\n<title>EL ZOMBI I EL MULAT DE MURILLO (III). UN CONTE | El Biblionauta<\/title>\n<meta name=\"robots\" content=\"index, follow, max-snippet:-1, max-image-preview:large, max-video-preview:-1\" \/>\n<link rel=\"canonical\" href=\"https:\/\/elbiblionauta.com\/ca\/2014\/08\/01\/el-zombi-i-el-mulat-de-murillo-iii-un-conte\/\" \/>\n<meta property=\"og:locale\" content=\"ca_ES\" \/>\n<meta property=\"og:type\" content=\"article\" \/>\n<meta property=\"og:title\" content=\"EL ZOMBI I EL MULAT DE MURILLO (III). UN CONTE | El Biblionauta\" \/>\n<meta property=\"og:description\" content=\"OPINI\u00d3 EL ZOMBI I EL MULAT DE MURILLO (III). UN CONTE \u00daltim episodi de les aventures d&#8217;aquest peculiar zombi. Share on facebook Share on twitter Share on whatsapp Share on\" \/>\n<meta property=\"og:url\" content=\"https:\/\/elbiblionauta.com\/ca\/2014\/08\/01\/el-zombi-i-el-mulat-de-murillo-iii-un-conte\/\" \/>\n<meta property=\"og:site_name\" content=\"El Biblionauta\" \/>\n<meta property=\"article:publisher\" content=\"https:\/\/www.facebook.com\/ElBiblionauta\" \/>\n<meta property=\"article:author\" content=\"https:\/\/www.facebook.com\/dgmas\" \/>\n<meta property=\"article:published_time\" content=\"2014-07-31T22:30:24+00:00\" \/>\n<meta property=\"article:modified_time\" content=\"2021-09-03T11:10:25+00:00\" \/>\n<meta property=\"og:image\" content=\"https:\/\/elbiblionauta.com\/ca\/wp-content\/uploads\/2016\/07\/8.-hemeroteca.jpg\" \/>\n\t<meta property=\"og:image:width\" content=\"1474\" \/>\n\t<meta property=\"og:image:height\" content=\"1016\" \/>\n\t<meta property=\"og:image:type\" content=\"image\/jpeg\" \/>\n<meta name=\"author\" content=\"Daniel Gen\u00eds\" \/>\n<meta name=\"twitter:card\" content=\"summary_large_image\" \/>\n<meta name=\"twitter:creator\" content=\"@https:\/\/twitter.com\/DanielGenis\" \/>\n<meta name=\"twitter:site\" content=\"@ElBiblionauta\" \/>\n<meta name=\"twitter:label1\" content=\"Escrit per\" \/>\n\t<meta name=\"twitter:data1\" content=\"Daniel Gen\u00eds\" \/>\n\t<meta name=\"twitter:label2\" content=\"Temps estimat de lectura\" \/>\n\t<meta name=\"twitter:data2\" content=\"17 minuts\" \/>\n<script type=\"application\/ld+json\" class=\"yoast-schema-graph\">{\"@context\":\"https:\\\/\\\/schema.org\",\"@graph\":[{\"@type\":\"Article\",\"@id\":\"https:\\\/\\\/elbiblionauta.com\\\/ca\\\/2014\\\/08\\\/01\\\/el-zombi-i-el-mulat-de-murillo-iii-un-conte\\\/#article\",\"isPartOf\":{\"@id\":\"https:\\\/\\\/elbiblionauta.com\\\/ca\\\/2014\\\/08\\\/01\\\/el-zombi-i-el-mulat-de-murillo-iii-un-conte\\\/\"},\"author\":{\"name\":\"Daniel Gen\u00eds\",\"@id\":\"https:\\\/\\\/elbiblionauta.com\\\/ca\\\/#\\\/schema\\\/person\\\/160d3487a7f8519ad10540adacbbec31\"},\"headline\":\"EL ZOMBI I EL MULAT DE MURILLO (III). UN CONTE\",\"datePublished\":\"2014-07-31T22:30:24+00:00\",\"dateModified\":\"2021-09-03T11:10:25+00:00\",\"mainEntityOfPage\":{\"@id\":\"https:\\\/\\\/elbiblionauta.com\\\/ca\\\/2014\\\/08\\\/01\\\/el-zombi-i-el-mulat-de-murillo-iii-un-conte\\\/\"},\"wordCount\":3147,\"commentCount\":0,\"publisher\":{\"@id\":\"https:\\\/\\\/elbiblionauta.com\\\/ca\\\/#organization\"},\"image\":{\"@id\":\"https:\\\/\\\/elbiblionauta.com\\\/ca\\\/2014\\\/08\\\/01\\\/el-zombi-i-el-mulat-de-murillo-iii-un-conte\\\/#primaryimage\"},\"thumbnailUrl\":\"https:\\\/\\\/elbiblionauta.com\\\/ca\\\/wp-content\\\/uploads\\\/2016\\\/07\\\/8.-hemeroteca.jpg\",\"keywords\":[\"Opini\u00f3 CiFiCat\"],\"articleSection\":[\"Hemeroteca\",\"Terror\"],\"inLanguage\":\"ca\",\"potentialAction\":[{\"@type\":\"CommentAction\",\"name\":\"Comment\",\"target\":[\"https:\\\/\\\/elbiblionauta.com\\\/ca\\\/2014\\\/08\\\/01\\\/el-zombi-i-el-mulat-de-murillo-iii-un-conte\\\/#respond\"]}]},{\"@type\":\"WebPage\",\"@id\":\"https:\\\/\\\/elbiblionauta.com\\\/ca\\\/2014\\\/08\\\/01\\\/el-zombi-i-el-mulat-de-murillo-iii-un-conte\\\/\",\"url\":\"https:\\\/\\\/elbiblionauta.com\\\/ca\\\/2014\\\/08\\\/01\\\/el-zombi-i-el-mulat-de-murillo-iii-un-conte\\\/\",\"name\":\"EL ZOMBI I EL MULAT DE MURILLO (III). UN CONTE | El Biblionauta\",\"isPartOf\":{\"@id\":\"https:\\\/\\\/elbiblionauta.com\\\/ca\\\/#website\"},\"primaryImageOfPage\":{\"@id\":\"https:\\\/\\\/elbiblionauta.com\\\/ca\\\/2014\\\/08\\\/01\\\/el-zombi-i-el-mulat-de-murillo-iii-un-conte\\\/#primaryimage\"},\"image\":{\"@id\":\"https:\\\/\\\/elbiblionauta.com\\\/ca\\\/2014\\\/08\\\/01\\\/el-zombi-i-el-mulat-de-murillo-iii-un-conte\\\/#primaryimage\"},\"thumbnailUrl\":\"https:\\\/\\\/elbiblionauta.com\\\/ca\\\/wp-content\\\/uploads\\\/2016\\\/07\\\/8.-hemeroteca.jpg\",\"datePublished\":\"2014-07-31T22:30:24+00:00\",\"dateModified\":\"2021-09-03T11:10:25+00:00\",\"breadcrumb\":{\"@id\":\"https:\\\/\\\/elbiblionauta.com\\\/ca\\\/2014\\\/08\\\/01\\\/el-zombi-i-el-mulat-de-murillo-iii-un-conte\\\/#breadcrumb\"},\"inLanguage\":\"ca\",\"potentialAction\":[{\"@type\":\"ReadAction\",\"target\":[\"https:\\\/\\\/elbiblionauta.com\\\/ca\\\/2014\\\/08\\\/01\\\/el-zombi-i-el-mulat-de-murillo-iii-un-conte\\\/\"]}]},{\"@type\":\"ImageObject\",\"inLanguage\":\"ca\",\"@id\":\"https:\\\/\\\/elbiblionauta.com\\\/ca\\\/2014\\\/08\\\/01\\\/el-zombi-i-el-mulat-de-murillo-iii-un-conte\\\/#primaryimage\",\"url\":\"https:\\\/\\\/elbiblionauta.com\\\/ca\\\/wp-content\\\/uploads\\\/2016\\\/07\\\/8.-hemeroteca.jpg\",\"contentUrl\":\"https:\\\/\\\/elbiblionauta.com\\\/ca\\\/wp-content\\\/uploads\\\/2016\\\/07\\\/8.-hemeroteca.jpg\"},{\"@type\":\"BreadcrumbList\",\"@id\":\"https:\\\/\\\/elbiblionauta.com\\\/ca\\\/2014\\\/08\\\/01\\\/el-zombi-i-el-mulat-de-murillo-iii-un-conte\\\/#breadcrumb\",\"itemListElement\":[{\"@type\":\"ListItem\",\"position\":1,\"name\":\"Inici\",\"item\":\"https:\\\/\\\/elbiblionauta.com\\\/ca\\\/\"},{\"@type\":\"ListItem\",\"position\":2,\"name\":\"EL ZOMBI I EL MULAT DE MURILLO (III). UN CONTE\"}]},{\"@type\":\"WebSite\",\"@id\":\"https:\\\/\\\/elbiblionauta.com\\\/ca\\\/#website\",\"url\":\"https:\\\/\\\/elbiblionauta.com\\\/ca\\\/\",\"name\":\"El Biblionauta\",\"description\":\"El teu portal de literatura fant\u00e0stica en catal\u00e0.\",\"publisher\":{\"@id\":\"https:\\\/\\\/elbiblionauta.com\\\/ca\\\/#organization\"},\"potentialAction\":[{\"@type\":\"SearchAction\",\"target\":{\"@type\":\"EntryPoint\",\"urlTemplate\":\"https:\\\/\\\/elbiblionauta.com\\\/ca\\\/?s={search_term_string}\"},\"query-input\":{\"@type\":\"PropertyValueSpecification\",\"valueRequired\":true,\"valueName\":\"search_term_string\"}}],\"inLanguage\":\"ca\"},{\"@type\":\"Organization\",\"@id\":\"https:\\\/\\\/elbiblionauta.com\\\/ca\\\/#organization\",\"name\":\"El Biblionauta\",\"url\":\"https:\\\/\\\/elbiblionauta.com\\\/ca\\\/\",\"logo\":{\"@type\":\"ImageObject\",\"inLanguage\":\"ca\",\"@id\":\"https:\\\/\\\/elbiblionauta.com\\\/ca\\\/#\\\/schema\\\/logo\\\/image\\\/\",\"url\":\"https:\\\/\\\/elbiblionauta.com\\\/ca\\\/wp-content\\\/uploads\\\/2022\\\/04\\\/logo-biblio2.png\",\"contentUrl\":\"https:\\\/\\\/elbiblionauta.com\\\/ca\\\/wp-content\\\/uploads\\\/2022\\\/04\\\/logo-biblio2.png\",\"width\":120,\"height\":120,\"caption\":\"El Biblionauta\"},\"image\":{\"@id\":\"https:\\\/\\\/elbiblionauta.com\\\/ca\\\/#\\\/schema\\\/logo\\\/image\\\/\"},\"sameAs\":[\"https:\\\/\\\/www.facebook.com\\\/ElBiblionauta\",\"https:\\\/\\\/x.com\\\/ElBiblionauta\"]},{\"@type\":\"Person\",\"@id\":\"https:\\\/\\\/elbiblionauta.com\\\/ca\\\/#\\\/schema\\\/person\\\/160d3487a7f8519ad10540adacbbec31\",\"name\":\"Daniel Gen\u00eds\",\"image\":{\"@type\":\"ImageObject\",\"inLanguage\":\"ca\",\"@id\":\"https:\\\/\\\/elbiblionauta.com\\\/ca\\\/wp-content\\\/uploads\\\/2022\\\/12\\\/dgenis23-100x100.png\",\"url\":\"https:\\\/\\\/elbiblionauta.com\\\/ca\\\/wp-content\\\/uploads\\\/2022\\\/12\\\/dgenis23-100x100.png\",\"contentUrl\":\"https:\\\/\\\/elbiblionauta.com\\\/ca\\\/wp-content\\\/uploads\\\/2022\\\/12\\\/dgenis23-100x100.png\",\"caption\":\"Daniel Gen\u00eds\"},\"description\":\"Doctor en literatura. Professor de catal\u00e0. Culturalment dispers. Exdirector de la col\u00b7lecci\u00f3 \\\"Ci\u00e8ncia-Ficci\u00f3\\\" de Pag\u00e8s Editors, actualment fa d'assessor a \\\"L'Arc\u00e0\\\" de Laertes. \u00c9s l'editor en cap de El Biblionauta.\",\"sameAs\":[\"http:\\\/\\\/danielgenis.cat\\\/\",\"https:\\\/\\\/www.facebook.com\\\/dgmas\",\"https:\\\/\\\/x.com\\\/https:\\\/\\\/twitter.com\\\/DanielGenis\"],\"url\":\"https:\\\/\\\/elbiblionauta.com\\\/ca\\\/author\\\/dgenis\\\/\"}]}<\/script>\n<!-- \/ Yoast SEO plugin. -->","yoast_head_json":{"title":"EL ZOMBI I EL MULAT DE MURILLO (III). UN CONTE | El Biblionauta","robots":{"index":"index","follow":"follow","max-snippet":"max-snippet:-1","max-image-preview":"max-image-preview:large","max-video-preview":"max-video-preview:-1"},"canonical":"https:\/\/elbiblionauta.com\/ca\/2014\/08\/01\/el-zombi-i-el-mulat-de-murillo-iii-un-conte\/","og_locale":"ca_ES","og_type":"article","og_title":"EL ZOMBI I EL MULAT DE MURILLO (III). UN CONTE | El Biblionauta","og_description":"OPINI\u00d3 EL ZOMBI I EL MULAT DE MURILLO (III). UN CONTE \u00daltim episodi de les aventures d&#8217;aquest peculiar zombi. Share on facebook Share on twitter Share on whatsapp Share on","og_url":"https:\/\/elbiblionauta.com\/ca\/2014\/08\/01\/el-zombi-i-el-mulat-de-murillo-iii-un-conte\/","og_site_name":"El Biblionauta","article_publisher":"https:\/\/www.facebook.com\/ElBiblionauta","article_author":"https:\/\/www.facebook.com\/dgmas","article_published_time":"2014-07-31T22:30:24+00:00","article_modified_time":"2021-09-03T11:10:25+00:00","og_image":[{"width":1474,"height":1016,"url":"https:\/\/elbiblionauta.com\/ca\/wp-content\/uploads\/2016\/07\/8.-hemeroteca.jpg","type":"image\/jpeg"}],"author":"Daniel Gen\u00eds","twitter_card":"summary_large_image","twitter_creator":"@https:\/\/twitter.com\/DanielGenis","twitter_site":"@ElBiblionauta","twitter_misc":{"Escrit per":"Daniel Gen\u00eds","Temps estimat de lectura":"17 minuts"},"schema":{"@context":"https:\/\/schema.org","@graph":[{"@type":"Article","@id":"https:\/\/elbiblionauta.com\/ca\/2014\/08\/01\/el-zombi-i-el-mulat-de-murillo-iii-un-conte\/#article","isPartOf":{"@id":"https:\/\/elbiblionauta.com\/ca\/2014\/08\/01\/el-zombi-i-el-mulat-de-murillo-iii-un-conte\/"},"author":{"name":"Daniel Gen\u00eds","@id":"https:\/\/elbiblionauta.com\/ca\/#\/schema\/person\/160d3487a7f8519ad10540adacbbec31"},"headline":"EL ZOMBI I EL MULAT DE MURILLO (III). UN CONTE","datePublished":"2014-07-31T22:30:24+00:00","dateModified":"2021-09-03T11:10:25+00:00","mainEntityOfPage":{"@id":"https:\/\/elbiblionauta.com\/ca\/2014\/08\/01\/el-zombi-i-el-mulat-de-murillo-iii-un-conte\/"},"wordCount":3147,"commentCount":0,"publisher":{"@id":"https:\/\/elbiblionauta.com\/ca\/#organization"},"image":{"@id":"https:\/\/elbiblionauta.com\/ca\/2014\/08\/01\/el-zombi-i-el-mulat-de-murillo-iii-un-conte\/#primaryimage"},"thumbnailUrl":"https:\/\/elbiblionauta.com\/ca\/wp-content\/uploads\/2016\/07\/8.-hemeroteca.jpg","keywords":["Opini\u00f3 CiFiCat"],"articleSection":["Hemeroteca","Terror"],"inLanguage":"ca","potentialAction":[{"@type":"CommentAction","name":"Comment","target":["https:\/\/elbiblionauta.com\/ca\/2014\/08\/01\/el-zombi-i-el-mulat-de-murillo-iii-un-conte\/#respond"]}]},{"@type":"WebPage","@id":"https:\/\/elbiblionauta.com\/ca\/2014\/08\/01\/el-zombi-i-el-mulat-de-murillo-iii-un-conte\/","url":"https:\/\/elbiblionauta.com\/ca\/2014\/08\/01\/el-zombi-i-el-mulat-de-murillo-iii-un-conte\/","name":"EL ZOMBI I EL MULAT DE MURILLO (III). UN CONTE | El Biblionauta","isPartOf":{"@id":"https:\/\/elbiblionauta.com\/ca\/#website"},"primaryImageOfPage":{"@id":"https:\/\/elbiblionauta.com\/ca\/2014\/08\/01\/el-zombi-i-el-mulat-de-murillo-iii-un-conte\/#primaryimage"},"image":{"@id":"https:\/\/elbiblionauta.com\/ca\/2014\/08\/01\/el-zombi-i-el-mulat-de-murillo-iii-un-conte\/#primaryimage"},"thumbnailUrl":"https:\/\/elbiblionauta.com\/ca\/wp-content\/uploads\/2016\/07\/8.-hemeroteca.jpg","datePublished":"2014-07-31T22:30:24+00:00","dateModified":"2021-09-03T11:10:25+00:00","breadcrumb":{"@id":"https:\/\/elbiblionauta.com\/ca\/2014\/08\/01\/el-zombi-i-el-mulat-de-murillo-iii-un-conte\/#breadcrumb"},"inLanguage":"ca","potentialAction":[{"@type":"ReadAction","target":["https:\/\/elbiblionauta.com\/ca\/2014\/08\/01\/el-zombi-i-el-mulat-de-murillo-iii-un-conte\/"]}]},{"@type":"ImageObject","inLanguage":"ca","@id":"https:\/\/elbiblionauta.com\/ca\/2014\/08\/01\/el-zombi-i-el-mulat-de-murillo-iii-un-conte\/#primaryimage","url":"https:\/\/elbiblionauta.com\/ca\/wp-content\/uploads\/2016\/07\/8.-hemeroteca.jpg","contentUrl":"https:\/\/elbiblionauta.com\/ca\/wp-content\/uploads\/2016\/07\/8.-hemeroteca.jpg"},{"@type":"BreadcrumbList","@id":"https:\/\/elbiblionauta.com\/ca\/2014\/08\/01\/el-zombi-i-el-mulat-de-murillo-iii-un-conte\/#breadcrumb","itemListElement":[{"@type":"ListItem","position":1,"name":"Inici","item":"https:\/\/elbiblionauta.com\/ca\/"},{"@type":"ListItem","position":2,"name":"EL ZOMBI I EL MULAT DE MURILLO (III). UN CONTE"}]},{"@type":"WebSite","@id":"https:\/\/elbiblionauta.com\/ca\/#website","url":"https:\/\/elbiblionauta.com\/ca\/","name":"El Biblionauta","description":"El teu portal de literatura fant\u00e0stica en catal\u00e0.","publisher":{"@id":"https:\/\/elbiblionauta.com\/ca\/#organization"},"potentialAction":[{"@type":"SearchAction","target":{"@type":"EntryPoint","urlTemplate":"https:\/\/elbiblionauta.com\/ca\/?s={search_term_string}"},"query-input":{"@type":"PropertyValueSpecification","valueRequired":true,"valueName":"search_term_string"}}],"inLanguage":"ca"},{"@type":"Organization","@id":"https:\/\/elbiblionauta.com\/ca\/#organization","name":"El Biblionauta","url":"https:\/\/elbiblionauta.com\/ca\/","logo":{"@type":"ImageObject","inLanguage":"ca","@id":"https:\/\/elbiblionauta.com\/ca\/#\/schema\/logo\/image\/","url":"https:\/\/elbiblionauta.com\/ca\/wp-content\/uploads\/2022\/04\/logo-biblio2.png","contentUrl":"https:\/\/elbiblionauta.com\/ca\/wp-content\/uploads\/2022\/04\/logo-biblio2.png","width":120,"height":120,"caption":"El Biblionauta"},"image":{"@id":"https:\/\/elbiblionauta.com\/ca\/#\/schema\/logo\/image\/"},"sameAs":["https:\/\/www.facebook.com\/ElBiblionauta","https:\/\/x.com\/ElBiblionauta"]},{"@type":"Person","@id":"https:\/\/elbiblionauta.com\/ca\/#\/schema\/person\/160d3487a7f8519ad10540adacbbec31","name":"Daniel Gen\u00eds","image":{"@type":"ImageObject","inLanguage":"ca","@id":"https:\/\/elbiblionauta.com\/ca\/wp-content\/uploads\/2022\/12\/dgenis23-100x100.png","url":"https:\/\/elbiblionauta.com\/ca\/wp-content\/uploads\/2022\/12\/dgenis23-100x100.png","contentUrl":"https:\/\/elbiblionauta.com\/ca\/wp-content\/uploads\/2022\/12\/dgenis23-100x100.png","caption":"Daniel Gen\u00eds"},"description":"Doctor en literatura. Professor de catal\u00e0. Culturalment dispers. Exdirector de la col\u00b7lecci\u00f3 \"Ci\u00e8ncia-Ficci\u00f3\" de Pag\u00e8s Editors, actualment fa d'assessor a \"L'Arc\u00e0\" de Laertes. \u00c9s l'editor en cap de El Biblionauta.","sameAs":["http:\/\/danielgenis.cat\/","https:\/\/www.facebook.com\/dgmas","https:\/\/x.com\/https:\/\/twitter.com\/DanielGenis"],"url":"https:\/\/elbiblionauta.com\/ca\/author\/dgenis\/"}]}},"jetpack_publicize_connections":[],"jetpack_featured_media_url":"","jetpack_sharing_enabled":true,"jetpack_likes_enabled":false,"jetpack_shortlink":"https:\/\/wp.me\/p5gpck-14p","_links":{"self":[{"href":"https:\/\/elbiblionauta.com\/ca\/wp-json\/wp\/v2\/posts\/4117","targetHints":{"allow":["GET"]}}],"collection":[{"href":"https:\/\/elbiblionauta.com\/ca\/wp-json\/wp\/v2\/posts"}],"about":[{"href":"https:\/\/elbiblionauta.com\/ca\/wp-json\/wp\/v2\/types\/post"}],"author":[{"embeddable":true,"href":"https:\/\/elbiblionauta.com\/ca\/wp-json\/wp\/v2\/users\/1"}],"replies":[{"embeddable":true,"href":"https:\/\/elbiblionauta.com\/ca\/wp-json\/wp\/v2\/comments?post=4117"}],"version-history":[{"count":0,"href":"https:\/\/elbiblionauta.com\/ca\/wp-json\/wp\/v2\/posts\/4117\/revisions"}],"wp:attachment":[{"href":"https:\/\/elbiblionauta.com\/ca\/wp-json\/wp\/v2\/media?parent=4117"}],"wp:term":[{"taxonomy":"category","embeddable":true,"href":"https:\/\/elbiblionauta.com\/ca\/wp-json\/wp\/v2\/categories?post=4117"},{"taxonomy":"post_tag","embeddable":true,"href":"https:\/\/elbiblionauta.com\/ca\/wp-json\/wp\/v2\/tags?post=4117"}],"curies":[{"name":"wp","href":"https:\/\/api.w.org\/{rel}","templated":true}]}}