{"id":21629,"date":"2018-09-07T08:00:09","date_gmt":"2018-09-07T06:00:09","guid":{"rendered":"http:\/\/elbiblionauta.com\/ca\/?p=21629"},"modified":"2022-10-18T07:52:13","modified_gmt":"2022-10-18T05:52:13","slug":"ciencia-ficcio-i-fantasia-a-les-aules-iii-la-dignificacio-del-genere-en-els-estudis-postobligatoris","status":"publish","type":"post","link":"https:\/\/elbiblionauta.com\/ca\/2018\/09\/07\/ciencia-ficcio-i-fantasia-a-les-aules-iii-la-dignificacio-del-genere-en-els-estudis-postobligatoris\/","title":{"rendered":"Ci\u00e8ncia-ficci\u00f3 i fantasia a les aules (III). La dignificaci\u00f3 del g\u00e8nere en els estudis postobligatoris"},"content":{"rendered":"\t\t<div data-elementor-type=\"wp-post\" data-elementor-id=\"21629\" class=\"elementor elementor-21629\" data-elementor-post-type=\"post\">\n\t\t\t\t\t\t<section class=\"elementor-section elementor-top-section elementor-element elementor-element-36d4f8c elementor-section-boxed elementor-section-height-default elementor-section-height-default\" data-id=\"36d4f8c\" data-element_type=\"section\" data-e-type=\"section\">\n\t\t\t\t\t\t<div class=\"elementor-container elementor-column-gap-default\">\n\t\t\t\t\t<div class=\"elementor-column elementor-col-100 elementor-top-column elementor-element elementor-element-32b06f49\" data-id=\"32b06f49\" data-element_type=\"column\" data-e-type=\"column\">\n\t\t\t<div class=\"elementor-widget-wrap elementor-element-populated\">\n\t\t\t\t\t\t<div class=\"elementor-element elementor-element-7e318ca7 elementor-widget elementor-widget-heading\" data-id=\"7e318ca7\" data-element_type=\"widget\" data-e-type=\"widget\" data-widget_type=\"heading.default\">\n\t\t\t\t<div class=\"elementor-widget-container\">\n\t\t\t\t\t<h3 class=\"elementor-heading-title elementor-size-default\">OPINI\u00d3<\/h3>\t\t\t\t<\/div>\n\t\t\t\t<\/div>\n\t\t\t\t<div class=\"elementor-element elementor-element-202090e8 elementor-widget elementor-widget-heading\" data-id=\"202090e8\" data-element_type=\"widget\" data-e-type=\"widget\" data-widget_type=\"heading.default\">\n\t\t\t\t<div class=\"elementor-widget-container\">\n\t\t\t\t\t<h1 class=\"elementor-heading-title elementor-size-default\">Ci\u00e8ncia-ficci\u00f3 i fantasia a les aules (III). La dignificaci\u00f3 del g\u00e8nere en els estudis postobligatoris\n<\/h1>\t\t\t\t<\/div>\n\t\t\t\t<\/div>\n\t\t\t\t<div class=\"elementor-element elementor-element-4bbf9dc elementor-widget elementor-widget-text-editor\" data-id=\"4bbf9dc\" data-element_type=\"widget\" data-e-type=\"widget\" data-widget_type=\"text-editor.default\">\n\t\t\t\t<div class=\"elementor-widget-container\">\n\t\t\t\t\t\t\t\t\t<p>Tercera i \u00faltima part de la s\u00e8rie d&#8217;article que Daniel Gen\u00eds dedica a la literatura fant\u00e0stica i els joves.<\/p>\t\t\t\t\t\t\t\t<\/div>\n\t\t\t\t<\/div>\n\t\t\t\t<section class=\"elementor-section elementor-inner-section elementor-element elementor-element-46922d9f elementor-section-boxed elementor-section-height-default elementor-section-height-default\" data-id=\"46922d9f\" data-element_type=\"section\" data-e-type=\"section\">\n\t\t\t\t\t\t<div class=\"elementor-container elementor-column-gap-default\">\n\t\t\t\t\t<div class=\"elementor-column elementor-col-50 elementor-inner-column elementor-element elementor-element-22dc78e5\" data-id=\"22dc78e5\" data-element_type=\"column\" data-e-type=\"column\">\n\t\t\t<div class=\"elementor-widget-wrap elementor-element-populated\">\n\t\t\t\t\t\t<div class=\"elementor-element elementor-element-2fd1ac9c elementor-widget elementor-widget-post-info\" data-id=\"2fd1ac9c\" data-element_type=\"widget\" data-e-type=\"widget\" data-widget_type=\"post-info.default\">\n\t\t\t\t<div class=\"elementor-widget-container\">\n\t\t\t\t\t\t\t<ul class=\"elementor-inline-items elementor-icon-list-items elementor-post-info\">\n\t\t\t\t\t\t\t\t<li class=\"elementor-icon-list-item elementor-repeater-item-9ac5e8c elementor-inline-item\" itemprop=\"datePublished\">\n\t\t\t\t\t\t<a href=\"https:\/\/elbiblionauta.com\/ca\/2018\/09\/07\/\">\n\t\t\t\t\t\t\t\t\t\t\t<span class=\"elementor-icon-list-icon\">\n\t\t\t\t\t\t\t\t<i aria-hidden=\"true\" class=\"far fa-clock\"><\/i>\t\t\t\t\t\t\t<\/span>\n\t\t\t\t\t\t\t\t\t<span class=\"elementor-icon-list-text elementor-post-info__item elementor-post-info__item--type-date\">\n\t\t\t\t\t\t\t\t\t\t<time> 7 de setembre de 2018<\/time>\t\t\t\t\t<\/span>\n\t\t\t\t\t\t\t\t\t<\/a>\n\t\t\t\t<\/li>\n\t\t\t\t<li class=\"elementor-icon-list-item elementor-repeater-item-0970ca3 elementor-inline-item\" itemprop=\"commentCount\">\n\t\t\t\t\t\t<a href=\"https:\/\/elbiblionauta.com\/ca\/2018\/09\/07\/ciencia-ficcio-i-fantasia-a-les-aules-iii-la-dignificacio-del-genere-en-els-estudis-postobligatoris\/#respond\">\n\t\t\t\t\t\t\t\t\t\t\t<span class=\"elementor-icon-list-icon\">\n\t\t\t\t\t\t\t\t<i aria-hidden=\"true\" class=\"far fa-comment-dots\"><\/i>\t\t\t\t\t\t\t<\/span>\n\t\t\t\t\t\t\t\t\t<span class=\"elementor-icon-list-text elementor-post-info__item elementor-post-info__item--type-comments\">\n\t\t\t\t\t\t\t\t\t\tSense comentaris\t\t\t\t\t<\/span>\n\t\t\t\t\t\t\t\t\t<\/a>\n\t\t\t\t<\/li>\n\t\t\t\t<\/ul>\n\t\t\t\t\t\t<\/div>\n\t\t\t\t<\/div>\n\t\t\t\t\t<\/div>\n\t\t<\/div>\n\t\t\t\t<div class=\"elementor-column elementor-col-50 elementor-inner-column elementor-element elementor-element-17fb287f\" data-id=\"17fb287f\" data-element_type=\"column\" data-e-type=\"column\">\n\t\t\t<div class=\"elementor-widget-wrap elementor-element-populated\">\n\t\t\t\t\t\t<div class=\"elementor-element elementor-element-4feed9c elementor-share-buttons--view-icon elementor-share-buttons--shape-circle elementor-share-buttons--align-right elementor-share-buttons-mobile--align-right elementor-hidden-phone elementor-share-buttons--skin-gradient elementor-grid-0 elementor-share-buttons--color-official elementor-widget elementor-widget-share-buttons\" data-id=\"4feed9c\" data-element_type=\"widget\" data-e-type=\"widget\" data-widget_type=\"share-buttons.default\">\n\t\t\t\t<div class=\"elementor-widget-container\">\n\t\t\t\t\t\t\t<div class=\"elementor-grid\" role=\"list\">\n\t\t\t\t\t\t\t\t<div class=\"elementor-grid-item\" role=\"listitem\">\n\t\t\t\t\t\t<div class=\"elementor-share-btn elementor-share-btn_facebook\" role=\"button\" tabindex=\"0\" aria-label=\"Compartici\u00f3 en facebook\">\n\t\t\t\t\t\t\t\t\t\t\t\t\t\t\t<span class=\"elementor-share-btn__icon\">\n\t\t\t\t\t\t\t\t<i class=\"fab fa-facebook\" aria-hidden=\"true\"><\/i>\t\t\t\t\t\t\t<\/span>\n\t\t\t\t\t\t\t\t\t\t\t\t\t\t\t\t\t\t\t\t<\/div>\n\t\t\t\t\t<\/div>\n\t\t\t\t\t\t\t\t\t<div class=\"elementor-grid-item\" role=\"listitem\">\n\t\t\t\t\t\t<div class=\"elementor-share-btn elementor-share-btn_twitter\" role=\"button\" tabindex=\"0\" aria-label=\"Compartici\u00f3 en twitter\">\n\t\t\t\t\t\t\t\t\t\t\t\t\t\t\t<span class=\"elementor-share-btn__icon\">\n\t\t\t\t\t\t\t\t<i class=\"fab fa-twitter\" aria-hidden=\"true\"><\/i>\t\t\t\t\t\t\t<\/span>\n\t\t\t\t\t\t\t\t\t\t\t\t\t\t\t\t\t\t\t\t<\/div>\n\t\t\t\t\t<\/div>\n\t\t\t\t\t\t\t\t\t<div class=\"elementor-grid-item\" role=\"listitem\">\n\t\t\t\t\t\t<div class=\"elementor-share-btn elementor-share-btn_whatsapp\" role=\"button\" tabindex=\"0\" aria-label=\"Compartici\u00f3 en whatsapp\">\n\t\t\t\t\t\t\t\t\t\t\t\t\t\t\t<span class=\"elementor-share-btn__icon\">\n\t\t\t\t\t\t\t\t<i class=\"fab fa-whatsapp\" aria-hidden=\"true\"><\/i>\t\t\t\t\t\t\t<\/span>\n\t\t\t\t\t\t\t\t\t\t\t\t\t\t\t\t\t\t\t\t<\/div>\n\t\t\t\t\t<\/div>\n\t\t\t\t\t\t\t\t\t<div class=\"elementor-grid-item\" role=\"listitem\">\n\t\t\t\t\t\t<div class=\"elementor-share-btn elementor-share-btn_email\" role=\"button\" tabindex=\"0\" aria-label=\"Compartici\u00f3 en email\">\n\t\t\t\t\t\t\t\t\t\t\t\t\t\t\t<span class=\"elementor-share-btn__icon\">\n\t\t\t\t\t\t\t\t<i class=\"fas fa-envelope\" aria-hidden=\"true\"><\/i>\t\t\t\t\t\t\t<\/span>\n\t\t\t\t\t\t\t\t\t\t\t\t\t\t\t\t\t\t\t\t<\/div>\n\t\t\t\t\t<\/div>\n\t\t\t\t\t\t\t\t\t<div class=\"elementor-grid-item\" role=\"listitem\">\n\t\t\t\t\t\t<div class=\"elementor-share-btn elementor-share-btn_print\" role=\"button\" tabindex=\"0\" aria-label=\"Compartici\u00f3 en print\">\n\t\t\t\t\t\t\t\t\t\t\t\t\t\t\t<span class=\"elementor-share-btn__icon\">\n\t\t\t\t\t\t\t\t<i class=\"fas fa-print\" aria-hidden=\"true\"><\/i>\t\t\t\t\t\t\t<\/span>\n\t\t\t\t\t\t\t\t\t\t\t\t\t\t\t\t\t\t\t\t<\/div>\n\t\t\t\t\t<\/div>\n\t\t\t\t\t\t<\/div>\n\t\t\t\t\t\t<\/div>\n\t\t\t\t<\/div>\n\t\t\t\t\t<\/div>\n\t\t<\/div>\n\t\t\t\t\t<\/div>\n\t\t<\/section>\n\t\t\t\t\t<\/div>\n\t\t<\/div>\n\t\t\t\t\t<\/div>\n\t\t<\/section>\n\t\t\t\t<section class=\"elementor-section elementor-top-section elementor-element elementor-element-1c3e8501 elementor-section-boxed elementor-section-height-default elementor-section-height-default\" data-id=\"1c3e8501\" data-element_type=\"section\" data-e-type=\"section\">\n\t\t\t\t\t\t<div class=\"elementor-container elementor-column-gap-default\">\n\t\t\t\t\t<div class=\"elementor-column elementor-col-100 elementor-top-column elementor-element elementor-element-5605d258\" data-id=\"5605d258\" data-element_type=\"column\" data-e-type=\"column\">\n\t\t\t<div class=\"elementor-widget-wrap elementor-element-populated\">\n\t\t\t\t\t\t<div class=\"elementor-element elementor-element-3b977d5b elementor-widget-divider--view-line elementor-widget elementor-widget-divider\" data-id=\"3b977d5b\" data-element_type=\"widget\" data-e-type=\"widget\" data-widget_type=\"divider.default\">\n\t\t\t\t<div class=\"elementor-widget-container\">\n\t\t\t\t\t\t\t<div class=\"elementor-divider\">\n\t\t\t<span class=\"elementor-divider-separator\">\n\t\t\t\t\t\t<\/span>\n\t\t<\/div>\n\t\t\t\t\t\t<\/div>\n\t\t\t\t<\/div>\n\t\t\t\t\t<\/div>\n\t\t<\/div>\n\t\t\t\t\t<\/div>\n\t\t<\/section>\n\t\t\t\t<section class=\"elementor-section elementor-top-section elementor-element elementor-element-42eb3b97 elementor-section-boxed elementor-section-height-default elementor-section-height-default\" data-id=\"42eb3b97\" data-element_type=\"section\" data-e-type=\"section\">\n\t\t\t\t\t\t<div class=\"elementor-container elementor-column-gap-default\">\n\t\t\t\t\t<div class=\"elementor-column elementor-col-50 elementor-top-column elementor-element elementor-element-53ae6fcd\" data-id=\"53ae6fcd\" data-element_type=\"column\" data-e-type=\"column\">\n\t\t\t<div class=\"elementor-widget-wrap elementor-element-populated\">\n\t\t\t\t\t\t<div class=\"elementor-element elementor-element-4c870954 elementor-widget elementor-widget-image\" data-id=\"4c870954\" data-element_type=\"widget\" data-e-type=\"widget\" data-widget_type=\"image.default\">\n\t\t\t\t<div class=\"elementor-widget-container\">\n\t\t\t\t\t\t\t\t\t\t\t\t<figure class=\"wp-caption\">\n\t\t\t\t\t\t\t\t\t\t<img decoding=\"async\" src=\"https:\/\/elbiblionauta.com\/ca\/wp-content\/uploads\/2018\/07\/shutterstock_59912746.jpg\" title=\"\" alt=\"\" loading=\"lazy\" \/>\t\t\t\t\t\t\t\t\t\t\t<figcaption class=\"widget-image-caption wp-caption-text\"><\/figcaption>\n\t\t\t\t\t\t\t\t\t\t<\/figure>\n\t\t\t\t\t\t\t\t\t<\/div>\n\t\t\t\t<\/div>\n\t\t\t\t<div class=\"elementor-element elementor-element-757c870e elementor-author-box--avatar-yes elementor-author-box--name-yes elementor-author-box--link-no elementor-widget elementor-widget-author-box\" data-id=\"757c870e\" data-element_type=\"widget\" data-e-type=\"widget\" data-widget_type=\"author-box.default\">\n\t\t\t\t<div class=\"elementor-widget-container\">\n\t\t\t\t\t\t\t<div class=\"elementor-author-box\">\n\t\t\t\t\t\t\t<a href=\"https:\/\/elbiblionauta.com\/ca\/author\/dgenis\/\" class=\"elementor-author-box__avatar\">\n\t\t\t\t\t<img decoding=\"async\" src=\"https:\/\/elbiblionauta.com\/ca\/wp-content\/uploads\/2022\/12\/dgenis23-300x300.png\" alt=\"Picture of Daniel Gen\u00eds\" loading=\"lazy\">\n\t\t\t\t<\/a>\n\t\t\t\n\t\t\t<div class=\"elementor-author-box__text\">\n\t\t\t\t\t\t\t\t\t<a href=\"https:\/\/elbiblionauta.com\/ca\/author\/dgenis\/\">\n\t\t\t\t\t\t<h1 class=\"elementor-author-box__name\">\n\t\t\t\t\t\t\tDaniel Gen\u00eds\t\t\t\t\t\t<\/h1>\n\t\t\t\t\t<\/a>\n\t\t\t\t\n\t\t\t\t\n\t\t\t\t\t\t\t<\/div>\n\t\t<\/div>\n\t\t\t\t\t\t<\/div>\n\t\t\t\t<\/div>\n\t\t\t\t<div class=\"elementor-element elementor-element-6caf7b5d elementor-widget elementor-widget-text-editor\" data-id=\"6caf7b5d\" data-element_type=\"widget\" data-e-type=\"widget\" data-widget_type=\"text-editor.default\">\n\t\t\t\t<div class=\"elementor-widget-container\">\n\t\t\t\t\t\t\t\t\t<p>Professor i editor<\/p>\t\t\t\t\t\t\t\t<\/div>\n\t\t\t\t<\/div>\n\t\t\t\t<div class=\"elementor-element elementor-element-303b2ea8 elementor-widget elementor-widget-text-editor\" data-id=\"303b2ea8\" data-element_type=\"widget\" data-e-type=\"widget\" data-widget_type=\"text-editor.default\">\n\t\t\t\t<div class=\"elementor-widget-container\">\n\t\t\t\t\t\t\t\t\t<p>Fins ara, en aquesta s\u00e8rie d&#8217;articles, ens hem ocupat de la pres\u00e8ncia del fant\u00e0stic \u00fanicament en les aules de Prim\u00e0ria (<a href=\"https:\/\/wp.me\/p5gpck-5CU\">la import\u00e0ncia dels valors intr\u00ednsecs a aquesta literatura lligats a la idone\u00eftat de fer llegir fant\u00e0stic als alumnes m\u00e9s tendres<\/a>) i Secund\u00e0ria (<a href=\"https:\/\/wp.me\/p5gpck-5BI\">la pertinen\u00e7a d&#8217;emprar aquest tipus de llibres com a esquer per no perdre lectors en una edat on s&#8217;ha assenyalat que molts lectors deixen de ser-ho<\/a>). Per\u00f2, i m\u00e9s enll\u00e0? I en el Batxillerat? I en els estudis superiors? <strong>La literatura fant\u00e0stica \u00e9s una excel\u00b7lent eina per a docents de Prim\u00e0ria i de l&#8217;ESO, per\u00f2 no ens podem limitar a deixar-ho aqu\u00ed.\u00a0<\/strong><\/p><p>Per aix\u00f2 he volgut dedicar aquest \u00faltim article a parlar de la recepci\u00f3 de la literatura de g\u00e8nere m\u00e9s enll\u00e0 dels estudis obligatoris.<\/p><h3>\u00a0<\/h3><h3><strong>El drama de les lectures prescriptives&#8230;<\/strong><\/h3><p>Els professors de llengua catalana i literatura a Batxillerat tenen una tasca realment tit\u00e0nica. Creieu-me, s\u00e9 de qu\u00e8 parlo: han de combatre el des\u00e0nim lector amb una bateria de lectures prescriptives que, molts cops, responen a <strong>criteris divers\u00edssims, per\u00f2 que rares vegades tenen a veure amb els gustos dels adolescents<\/strong>. Sovint la tria respon a oportunitat del calendari (els famosos &#8220;Anys&#8221; sovint fan l&#8217;efecte de ser una bona excusa per <em>encolomar<\/em> entre el llistat de lectures algun autor o autora dels quals se celebra l&#8217;efem\u00e8ride), tradici\u00f3 (aquells noms sacrosants que cap cr\u00edtic t\u00e9 els nassos de jubilar definitivament), etc.<\/p><p><strong>V\u00edctor Catal\u00e0<\/strong>, per posar nom\u00e9s un exemple, \u00e9s una autora magn\u00edfica, sublim. L&#8217;escalenca representa amb la seva novel\u00b7la <em>Solitud<\/em> un dels exemples m\u00e9s importants de prosa en la nostra llengua al segle XX, per\u00f2 <strong>podr\u00edem discutir molt si els alumnes de 17 anys s\u00f3n capa\u00e7os de gaudir de la seva lectura<\/strong>. Que no \u00e9s aquesta la finalitat que es busca amb la tria d&#8217;aquest llibre? Mmmm&#8230; podr\u00edem discutir tamb\u00e9 si aix\u00f2 hauria de ser aix\u00ed. <strong>La literatura, en \u00faltim terme, ha de produir benestar, emocionar, somoure&#8217;ns<\/strong>. Si no ho aconsegueix, alguna cosa falla. Si <em>Solitud<\/em>, o <em>El caf\u00e8 de la Marina,<\/em> o&#8230; no provoquen els nostres adolescents potser \u00e9s perqu\u00e8 (simplement) encara no estan llestos per gaudir aquestes obres.\u00a0<\/p><p><strong>La lectura de qualitat exigeix, i en una societat poc procliu als esfor\u00e7os, aix\u00f2 \u00e9s un problema<\/strong>. No ho solucionarem obligant a la lectura d&#8217;aquests llibres sense haver fet rec\u00f3rrer als nostres alumnes un cam\u00ed m\u00e9s llarg, que va de la lectura per gust a la lectura dels cl\u00e0ssics, tamb\u00e9 per gust. En fi, \u00e9s el drama de les lectures obligat\u00f2ries, que desmotiven lectors.\u00a0Potser una manera d&#8217;aconseguir-ho seria <strong>ser menys conservador en les tries<\/strong>, sense renunciar a la qualitat, \u00e9s clar. M&#8217;explico: no seria molt m\u00e9s senzill trobar la complicitat de l&#8217;alumne en la lectura d&#8217;<a href=\"https:\/\/elbiblionauta.com\/ca\/2015\/08\/07\/andrea-victrix-1974-llorenc-villalonga\/\"><em>Andrea V\u00edctrix<\/em><\/a>\u00a0que no pas de <em>Bearn<\/em> <em>o la sala de les nines<\/em>, per esmentar nom\u00e9s una altra obra &#8220;can\u00f2nica&#8221; del mateix autor?\u00a0<strong>La transgressi\u00f3 \u00e9s, sens dubte, un dels valors amb qu\u00e8 es pot captar m\u00e9s l&#8217;atenci\u00f3 dels joves<\/strong> i, en la diatriba d&#8217;aquests dos t\u00edtols, personalment em sembla que no hi ha color.<\/p><h3>\u00a0<\/h3><h3><strong>El friqui vs. el cr\u00edtic<\/strong><\/h3><p>La literatura fant\u00e0stica, per\u00f2, no s&#8217;hauria de quedar nom\u00e9s en aix\u00f2, en la funci\u00f3 d&#8217;esquer dels m\u00e9s joves. <strong>La literatura fant\u00e0stica \u00e9s una part fonamental de la Literatura<\/strong>. En altres latituds ja fa temps que se n&#8217;han adonat i est\u00e0 suficientment reivindicada. A casa nostra, malauradament, les coses (com tantes altres) van un xic m\u00e9s a poc a poc&#8230; Nom\u00e9s cal veure els plans d&#8217;estudis dels graus de Filologia catalana (em temo que calcats del que devia cursar jo, en les extintes llicenciatures): <strong>el fant\u00e0stic i els seus m\u00e0xims representants segueixen essent uns proscrits i quan resulta inexcusable parlar d&#8217;un Perucho, un Calders o un Pedrolo, quasi es passa de puntetes pel seu conreu del fant\u00e0stic<\/strong>. Com si cap d&#8217;ells s&#8217;hi hagu\u00e9s comprom\u00e8s a fons i fos tan sols una excusa per esquivar la censura. Tothom qui conegui la seva vida una miqueta sap que aix\u00f2 no va ser aix\u00ed i que Pedrolo, per exemple, era un gran coneixedor dels cl\u00e0ssics universals de la ci\u00e8ncia-ficci\u00f3, amb la qual va especular de manera magn\u00edfica i complexa (molt m\u00e9s enll\u00e0 del <a href=\"https:\/\/elbiblionauta.com\/ca\/2014\/01\/15\/el-mecanoscrit-del-segon-origen\/\"><em>Mecanoscrit<\/em><\/a>).<\/p><p>Seria, doncs, un error garrafal considerar la literatura fant\u00e0stica com una literatura exclusivament per a joves.\u00a0Aix\u00f2 la menysvalora i en el fons empobreix el conjunt de la literatura del nostre pa\u00eds. I fa que els lectors, a mesura que creixin, abandonin aquest g\u00e8nere, o pitjor encara, abandonin la nostra llengua per passar-se al castell\u00e0, que s\u00ed que els ofereix una suculenta oferta d&#8217;obres fant\u00e0stiques per a adults.<\/p><p>Aix\u00ed doncs, qu\u00e8 cal fer? Cal reivindicar i dignificar el g\u00e8nere. I en aquest terreny la cr\u00edtica liter\u00e0ria i els estudis universitaris hi tenen molt a dir. <strong>Cal que la literatura fant\u00e0stica sigui capa\u00e7 de transcendir el terreny del <em>friquisme<\/em> per at\u00e8nyer el de la Literatura, del qual no s&#8217;havia d&#8217;haver despla\u00e7at mai<\/strong>. El <em>friqui<\/em> \u00e9s un fan acr\u00edtic de qualsevol producte, moltes vegades d&#8217;un valor art\u00edstic q\u00fcestionable. El cr\u00edtic \u00e9s alg\u00fa amb coneixements i formaci\u00f3 capa\u00e7 de jutjar aquella obra en el conjunt de la literatura, independentment d&#8217;altres consideracions.<\/p><p>Malgrat el que deia abans, per\u00f2, cal constatar que <strong>els \u00faltims anys les coses cada vegada s&#8217;estan <em>normalitzant<\/em> m\u00e9s<\/strong>, en aquest terreny. Cada dia m\u00e9s professors universitaris descobreixen (o s&#8217;atreveixen a usar) llibres de ci\u00e8ncia-ficci\u00f3, fantasia i terror sense manies per aconseguir que els seus alumnes desenvolupin l&#8217;h\u00e0bit lector o aprofundeixen en altres coneixements, tamb\u00e9 en nivells d&#8217;ensenyament superior.<\/p><p>Per exemple, des de la Universitat Pompeu Fabra, es va realitzar durant diversos anys (just els posteriors a l&#8217;estrena cinematogr\u00e0fica de <strong>Peter Jackson<\/strong>) un curs dedicat a analitzar l&#8217;obra de <strong>Tolkien<\/strong> que suposava cr\u00e8dits acad\u00e8mics. No es tractava d&#8217;una reuni\u00f3 per passar l&#8217;estona jugant a rol entre un grapat de <em>friquis<\/em>, sin\u00f3 d&#8217;una aproximaci\u00f3 seriosa i des de diversos punts de vista dels aspectes m\u00e9s erudits d&#8217;un autor immens i d&#8217;una obra que ha exercit una influ\u00e8ncia grandiosa en la literatura d&#8217;occident (m\u00e9s enll\u00e0 de la pel\u00b7l\u00edcula). Nom\u00e9s cal fer un cop d&#8217;ull al programa i al professorat que la impartia per veure que aix\u00f2 era aix\u00ed: Des de <strong>Francesc Parcerisas<\/strong> parlant de la tasca de traducci\u00f3 de <em>El senyor dels anells<\/em> fins a <strong>Lola Badia<\/strong> analitzant les semblances entre l&#8217;obra de Tolkien i la novel\u00b7la medieval <em>El cavaller verd<\/em>. Una aut\u00e8ntica plantilla de luxe! Desgraciadament, el curs va tenir nom\u00e9s 3 edicions (val a dir que molt exitoses), per\u00f2 entre el Pla Bolonya i les retallades va acabar-se suprimint.<\/p><p>Tolkien, per\u00f2, d\u00f3na per a molt. L&#8217;exemple m\u00e9s recent el vam tenir el mes d&#8217;octubre de 2016 a Barcelona, on es va celebrar una important convenci\u00f3 europea de ci\u00e8ncia-ficci\u00f3 i fantasia, l&#8217;EuroCON, a la qual precisament, entre les diverses confer\u00e8ncies que es van impartir, n&#8217;hi va haver algunes que van aprofundir en el valor de la seva obra com a instrument pedag\u00f2gic. I va resultar molt interessant descobrir la <strong>quantitat de recursos educatius que la Tolkien Society anglesa t\u00e9 penjada a la seva p\u00e0gina web, dirigida especialment als docents<\/strong>. Caldria prendre&#8217;n exemple.<\/p><p>Encara en l&#8217;\u00e0mbit universitari, una altra iniciativa que vaig con\u00e8ixer fa poc i que m&#8217;ha semblat tamb\u00e9 molt interessant, t\u00e9 a veure altra vegada amb la literatura de fantasia, per\u00f2 en aquest cas for\u00e7a m\u00e9s actual. Em refereixo a l&#8217;experi\u00e8ncia de la professora de la UAB <strong>Sara Mart\u00edn<\/strong> amb Harry Potter.<strong> La professora Martin es va fer famosa per haver creat una optativa de quart curs al grau d&#8217;Estudis Anglesos, l&#8217;any 2013-14, titulada &#8216;Estudis Culturals en Angl\u00e8s: El cas Harry Potter&#8217;<\/strong>, on analitzava amb un grup de 30 estudiants, absolutament entregats, el fenomen. El temari era molt extens, per\u00f2 l&#8217;experi\u00e8ncia va ser un \u00e8xit maj\u00fascul. La construcci\u00f3 de l&#8217;heroi, el paper de les dones, la m\u00e0gia, les dificultats en la traducci\u00f3, etc.<\/p><p>No en l&#8217;\u00e0mbit pr\u00f2piament universitari, per\u00f2 s\u00ed en el que podr\u00edem qualificar d&#8217;estudis superiors, tenen lloc d&#8217;altres iniciatives semblants. Acabo amb un parell de mencions: en primer lloc, els <strong>diversos cursos sobre literatura fant\u00e0stica que des de fa ja diversos anys est\u00e0 duent a terme Ricard Ruiz a l&#8217;Ateneu barcelon\u00e8s<\/strong>, en el marc de l&#8217;escola d&#8217;escriptura, amb una gran acceptaci\u00f3 per part dels estudiants, de totes les edats, per\u00f2 sobretot joves. &#8220;Hereus de la generaci\u00f3 Potter&#8221; en diu ell. Tamb\u00e9, des de <strong>l&#8217;escola d&#8217;escriptura creativa, en aquest cas de Girona, Sebasti\u00e0 Roig dignifica el g\u00e8nere fant\u00e0stic amb els seves classes a joves escriptors<\/strong>.<\/p><h3>\u00a0<\/h3><h3><strong>Cloenda<\/strong><\/h3><p><strong>Avui en dia, la tasca de fer peri\u00f2dicament cr\u00edtica liter\u00e0ria de manera especialitzada de literatura fant\u00e0stica recau a Catalunya de manera exclusiva en mitjans com aquest, absolutament amateurs<\/strong>. Malgrat que tots els tripulants som gent de lletres, en alguna de les seves diverses facetes (escriptors, professors, etc.), no hauria de ser aix\u00ed. Haurien d&#8217;existir de manera molt m\u00e9s orquestrada, seriosa, institucionalitzada (professionalitzada), publicacions per destriar el gra de la palla en el m\u00f3n de la literatura catalana de g\u00e8nere fant\u00e0stic.<\/p><p><strong>Antoni Munn\u00e9-Jord\u00e0, Margarida Aritzeta, Carme Torras, Montserrat Gal\u00edcia, Salvador Macip, V\u00edctor Mart\u00ednez-Gil, Ricard Ruiz, Jordi de Manuel, Sara Mart\u00edn, Lola Badia, Sebasti\u00e0 Roig, Alfons Gregori&#8230; s\u00f3n noms a tenir en compte en aquesta tasca de dignificaci\u00f3 i, en \u00faltim terme, de normalitzaci\u00f3 del g\u00e8nere<\/strong>. Tamb\u00e9 nous editors i editorials miren\u00a0de sumar-hi esfor\u00e7os. Per\u00f2 s&#8217;ha de recon\u00e8ixer que encara som lluny de les literatures serioses, en aquest aspecte. I no \u00e9s una q\u00fcesti\u00f3 de quantitat de parlants. Ni tan sols de pol\u00edtica. \u00c9s nom\u00e9s q\u00fcesti\u00f3 de creure-s&#8217;ho o no.<\/p><p>Unes lleus pinzellades, per\u00f2 em sembla que prou significatives, per fer veure que el fant\u00e0stic pot ser un bon g\u00e8nere per a l&#8217;inici en la lectura, per\u00f2 no nom\u00e9s. Tamb\u00e9 pot ser un bon g\u00e8nere per a qualsevol tipus de lector. De qualsevol edat.<\/p><p>\u00a0<\/p><p><span style=\"font-size: 10pt;\">He de donar les gr\u00e0cies a una s\u00e8rie de persones, a les quals he consultat tant per a l&#8217;elaboraci\u00f3 de la confer\u00e8ncia &#8220;<a href=\"https:\/\/www.youtube.com\/watch?v=P6LD4y2_QlU&amp;list=PL8Toy3II1UNgP_Q7EeHTnvv3wNVWS6Upc&amp;index=2\" target=\"_blank\" rel=\"noopener noreferrer\">Gaudir llegint: La literatura fant\u00e0stica a les aules<\/a>&#8221; com per a l&#8217;elaboraci\u00f3 d&#8217;aquest article, i a les quals dec un munt de coses valuoses que han servit per enriquir el que dic aqu\u00ed: <strong>Salvador Macip<\/strong>, <strong>Ricard Ruiz Garz\u00f3n<\/strong>, <strong>Jordi de Manuel<\/strong>, <strong>Miquel Codony<\/strong>,\u00a0<strong>Eloi Puig<\/strong>, <strong>Antoni Munn\u00e9-Jord\u00e0<\/strong>, <strong>Sebasti\u00e0 Roig<\/strong>, <strong>Lola Badia<\/strong>,<strong> Sergi Viciana<\/strong> i <strong>Sara Mart\u00edn<\/strong>. Sense la seva experi\u00e8ncia, el bo que hi ha en aquests articles seria molt menys.<\/span><\/p>\t\t\t\t\t\t\t\t<\/div>\n\t\t\t\t<\/div>\n\t\t\t\t\t<\/div>\n\t\t<\/div>\n\t\t\t\t<div class=\"elementor-column elementor-col-50 elementor-top-column elementor-element elementor-element-48931e2d elementor-hidden-tablet elementor-hidden-phone\" data-id=\"48931e2d\" data-element_type=\"column\" data-e-type=\"column\">\n\t\t\t<div class=\"elementor-widget-wrap elementor-element-populated\">\n\t\t\t\t\t\t<div class=\"elementor-element elementor-element-6fe20e77 elementor-widget elementor-widget-text-editor\" data-id=\"6fe20e77\" data-element_type=\"widget\" data-e-type=\"widget\" data-widget_type=\"text-editor.default\">\n\t\t\t\t<div class=\"elementor-widget-container\">\n\t\t\t\t\t\t\t\t\t<p>EL + NOU<\/p>\t\t\t\t\t\t\t\t<\/div>\n\t\t\t\t<\/div>\n\t\t\t\t<div class=\"elementor-element elementor-element-2bb30413 elementor-grid-1 elementor-posts--thumbnail-none elementor-grid-tablet-2 elementor-grid-mobile-1 elementor-widget elementor-widget-posts\" data-id=\"2bb30413\" data-element_type=\"widget\" data-e-type=\"widget\" data-settings=\"{&quot;classic_columns&quot;:&quot;1&quot;,&quot;classic_columns_tablet&quot;:&quot;2&quot;,&quot;classic_columns_mobile&quot;:&quot;1&quot;,&quot;classic_row_gap&quot;:{&quot;unit&quot;:&quot;px&quot;,&quot;size&quot;:35,&quot;sizes&quot;:[]},&quot;classic_row_gap_tablet&quot;:{&quot;unit&quot;:&quot;px&quot;,&quot;size&quot;:&quot;&quot;,&quot;sizes&quot;:[]},&quot;classic_row_gap_mobile&quot;:{&quot;unit&quot;:&quot;px&quot;,&quot;size&quot;:&quot;&quot;,&quot;sizes&quot;:[]}}\" data-widget_type=\"posts.classic\">\n\t\t\t\t<div class=\"elementor-widget-container\">\n\t\t\t\t\t\t\t<div class=\"elementor-posts-container elementor-posts elementor-posts--skin-classic elementor-grid\" role=\"list\">\n\t\t\t\t<article class=\"elementor-post elementor-grid-item post-82613 post type-post status-publish format-standard has-post-thumbnail hentry category-cienci-ficcio category-fantasia category-article tag-altres-mons tag-opinio-cificat\" role=\"listitem\">\n\t\t\t\t<div class=\"elementor-post__text\">\n\t\t\t\t<h3 class=\"elementor-post__title\">\n\t\t\t<a href=\"https:\/\/elbiblionauta.com\/ca\/2024\/10\/02\/la-ciencia-ficcio-al-japo-com-imaginar-el-futur-despres-del-desastre\/\" >\n\t\t\t\tLa ci\u00e8ncia ficci\u00f3 al Jap\u00f3: Com imaginar el futur despr\u00e9s del desastre [per Pau Pitarch]\t\t\t<\/a>\n\t\t<\/h3>\n\t\t\t\t<div class=\"elementor-post__meta-data\">\n\t\t\t\t\t<span class=\"elementor-post-date\">\n\t\t\t2 d'octubre de 2024\t\t<\/span>\n\t\t\t\t<span class=\"elementor-post-avatar\">\n\t\t\t17 comentaris\t\t<\/span>\n\t\t\t\t<\/div>\n\t\t\n\t\t<a class=\"elementor-post__read-more\" href=\"https:\/\/elbiblionauta.com\/ca\/2024\/10\/02\/la-ciencia-ficcio-al-japo-com-imaginar-el-futur-despres-del-desastre\/\" aria-label=\"Read more about La ci\u00e8ncia ficci\u00f3 al Jap\u00f3: Com imaginar el futur despr\u00e9s del desastre [per Pau Pitarch]\" tabindex=\"-1\" >\n\t\t\t Llegir m\u00e9s \u00bb\t\t<\/a>\n\n\t\t\t\t<\/div>\n\t\t\t\t<\/article>\n\t\t\t\t<article class=\"elementor-post elementor-grid-item post-81484 post type-post status-publish format-standard has-post-thumbnail hentry category-cienci-ficcio category-fantasia category-article tag-altres-mons tag-eurocifi tag-opinio-cificat\" role=\"listitem\">\n\t\t\t\t<div class=\"elementor-post__text\">\n\t\t\t\t<h3 class=\"elementor-post__title\">\n\t\t\t<a href=\"https:\/\/elbiblionauta.com\/ca\/2024\/03\/07\/levolucio-de-la-ciencia-ficcio-francesa-de-la-decada-de-1950-al-present\/\" >\n\t\t\t\tL\u2019evoluci\u00f3 de la ci\u00e8ncia-ficci\u00f3 francesa (II): de la d\u00e8cada de 1950 al present [per Manuela Mohr]\t\t\t<\/a>\n\t\t<\/h3>\n\t\t\t\t<div class=\"elementor-post__meta-data\">\n\t\t\t\t\t<span class=\"elementor-post-date\">\n\t\t\t7 de mar\u00e7 de 2024\t\t<\/span>\n\t\t\t\t<span class=\"elementor-post-avatar\">\n\t\t\t3 comentaris\t\t<\/span>\n\t\t\t\t<\/div>\n\t\t\n\t\t<a class=\"elementor-post__read-more\" href=\"https:\/\/elbiblionauta.com\/ca\/2024\/03\/07\/levolucio-de-la-ciencia-ficcio-francesa-de-la-decada-de-1950-al-present\/\" aria-label=\"Read more about L\u2019evoluci\u00f3 de la ci\u00e8ncia-ficci\u00f3 francesa (II): de la d\u00e8cada de 1950 al present [per Manuela Mohr]\" tabindex=\"-1\" >\n\t\t\t Llegir m\u00e9s \u00bb\t\t<\/a>\n\n\t\t\t\t<\/div>\n\t\t\t\t<\/article>\n\t\t\t\t<article class=\"elementor-post elementor-grid-item post-81482 post type-post status-publish format-standard has-post-thumbnail hentry category-cienci-ficcio category-fantasia category-general category-article tag-altres-mons tag-eurocifi tag-opinio-cificat\" role=\"listitem\">\n\t\t\t\t<div class=\"elementor-post__text\">\n\t\t\t\t<h3 class=\"elementor-post__title\">\n\t\t\t<a href=\"https:\/\/elbiblionauta.com\/ca\/2024\/03\/05\/levolucio-de-la-ciencia-ficcio-francesa-del-segle-xix-a-la-decada-de-1940\/\" >\n\t\t\t\tL\u2019evoluci\u00f3 de la ci\u00e8ncia-ficci\u00f3 francesa (I): del segle XIX a la d\u00e8cada de 1940 [per Manuela Mohr]\t\t\t<\/a>\n\t\t<\/h3>\n\t\t\t\t<div class=\"elementor-post__meta-data\">\n\t\t\t\t\t<span class=\"elementor-post-date\">\n\t\t\t5 de mar\u00e7 de 2024\t\t<\/span>\n\t\t\t\t<span class=\"elementor-post-avatar\">\n\t\t\t7 comentaris\t\t<\/span>\n\t\t\t\t<\/div>\n\t\t\n\t\t<a class=\"elementor-post__read-more\" href=\"https:\/\/elbiblionauta.com\/ca\/2024\/03\/05\/levolucio-de-la-ciencia-ficcio-francesa-del-segle-xix-a-la-decada-de-1940\/\" aria-label=\"Read more about L\u2019evoluci\u00f3 de la ci\u00e8ncia-ficci\u00f3 francesa (I): del segle XIX a la d\u00e8cada de 1940 [per Manuela Mohr]\" tabindex=\"-1\" >\n\t\t\t Llegir m\u00e9s \u00bb\t\t<\/a>\n\n\t\t\t\t<\/div>\n\t\t\t\t<\/article>\n\t\t\t\t<article class=\"elementor-post elementor-grid-item post-80816 post type-post status-publish format-standard has-post-thumbnail hentry category-comic-podcast category-article tag-opinio-cificat\" role=\"listitem\">\n\t\t\t\t<div class=\"elementor-post__text\">\n\t\t\t\t<h3 class=\"elementor-post__title\">\n\t\t\t<a href=\"https:\/\/elbiblionauta.com\/ca\/2023\/05\/17\/lodissea-al-desert-del-manga-en-catala\/\" >\n\t\t\t\tL&#8217;odissea al desert del manga en catal\u00e0\t\t\t<\/a>\n\t\t<\/h3>\n\t\t\t\t<div class=\"elementor-post__meta-data\">\n\t\t\t\t\t<span class=\"elementor-post-date\">\n\t\t\t17 de maig de 2023\t\t<\/span>\n\t\t\t\t<span class=\"elementor-post-avatar\">\n\t\t\t10 comentaris\t\t<\/span>\n\t\t\t\t<\/div>\n\t\t\n\t\t<a class=\"elementor-post__read-more\" href=\"https:\/\/elbiblionauta.com\/ca\/2023\/05\/17\/lodissea-al-desert-del-manga-en-catala\/\" aria-label=\"Read more about L&#8217;odissea al desert del manga en catal\u00e0\" tabindex=\"-1\" >\n\t\t\t Llegir m\u00e9s \u00bb\t\t<\/a>\n\n\t\t\t\t<\/div>\n\t\t\t\t<\/article>\n\t\t\t\t<article class=\"elementor-post elementor-grid-item post-79117 post type-post status-publish format-standard has-post-thumbnail hentry category-cienci-ficcio category-article tag-altres-mons tag-opinio-cificat\" role=\"listitem\">\n\t\t\t\t<div class=\"elementor-post__text\">\n\t\t\t\t<h3 class=\"elementor-post__title\">\n\t\t\t<a href=\"https:\/\/elbiblionauta.com\/ca\/2023\/05\/10\/lestructura-de-les-revolucions-arabs-de-la-cf-una-guia-per-a-principiants\/\" >\n\t\t\t\tL\u2019estructura de les revolucions \u00e0rabs de la CF: una guia per a principiants [per Emad El-Din Aysha]\t\t\t<\/a>\n\t\t<\/h3>\n\t\t\t\t<div class=\"elementor-post__meta-data\">\n\t\t\t\t\t<span class=\"elementor-post-date\">\n\t\t\t10 de maig de 2023\t\t<\/span>\n\t\t\t\t<span class=\"elementor-post-avatar\">\n\t\t\t5 comentaris\t\t<\/span>\n\t\t\t\t<\/div>\n\t\t\n\t\t<a class=\"elementor-post__read-more\" href=\"https:\/\/elbiblionauta.com\/ca\/2023\/05\/10\/lestructura-de-les-revolucions-arabs-de-la-cf-una-guia-per-a-principiants\/\" aria-label=\"Read more about L\u2019estructura de les revolucions \u00e0rabs de la CF: una guia per a principiants [per Emad El-Din Aysha]\" tabindex=\"-1\" >\n\t\t\t Llegir m\u00e9s \u00bb\t\t<\/a>\n\n\t\t\t\t<\/div>\n\t\t\t\t<\/article>\n\t\t\t\t<\/div>\n\t\t\n\t\t\t\t\t\t<\/div>\n\t\t\t\t<\/div>\n\t\t\t\t\t<\/div>\n\t\t<\/div>\n\t\t\t\t\t<\/div>\n\t\t<\/section>\n\t\t\t\t<section class=\"elementor-section elementor-top-section elementor-element elementor-element-13da0d7d elementor-section-boxed elementor-section-height-default elementor-section-height-default\" data-id=\"13da0d7d\" data-element_type=\"section\" data-e-type=\"section\">\n\t\t\t\t\t\t<div class=\"elementor-container elementor-column-gap-default\">\n\t\t\t\t\t<div class=\"elementor-column elementor-col-50 elementor-top-column elementor-element elementor-element-6dc89391\" data-id=\"6dc89391\" data-element_type=\"column\" data-e-type=\"column\">\n\t\t\t<div class=\"elementor-widget-wrap elementor-element-populated\">\n\t\t\t\t\t\t<div class=\"elementor-element elementor-element-152c9698 elementor-align-right elementor-widget elementor-widget-post-info\" data-id=\"152c9698\" data-element_type=\"widget\" data-e-type=\"widget\" data-widget_type=\"post-info.default\">\n\t\t\t\t<div class=\"elementor-widget-container\">\n\t\t\t\t\t\t\t<ul class=\"elementor-inline-items elementor-icon-list-items elementor-post-info\">\n\t\t\t\t\t\t\t\t<li class=\"elementor-icon-list-item elementor-repeater-item-8f66ab3 elementor-inline-item\" itemprop=\"about\">\n\t\t\t\t\t\t\t\t\t\t<span class=\"elementor-icon-list-icon\">\n\t\t\t\t\t\t\t\t<i aria-hidden=\"true\" class=\"fas fa-tags\"><\/i>\t\t\t\t\t\t\t<\/span>\n\t\t\t\t\t\t\t\t\t<span class=\"elementor-icon-list-text elementor-post-info__item elementor-post-info__item--type-terms\">\n\t\t\t\t\t\t\t\t\t\t<span class=\"elementor-post-info__terms-list\">\n\t\t\t\t<a href=\"https:\/\/elbiblionauta.com\/ca\/tag\/altres-mons\/\" class=\"elementor-post-info__terms-list-item\">Altres m\u00f3ns<\/a>, <a href=\"https:\/\/elbiblionauta.com\/ca\/tag\/opinio-cificat\/\" class=\"elementor-post-info__terms-list-item\">Opini\u00f3 CiFiCat<\/a>\t\t\t\t<\/span>\n\t\t\t\t\t<\/span>\n\t\t\t\t\t\t\t\t<\/li>\n\t\t\t\t<\/ul>\n\t\t\t\t\t\t<\/div>\n\t\t\t\t<\/div>\n\t\t\t\t\t<\/div>\n\t\t<\/div>\n\t\t\t\t<div class=\"elementor-column elementor-col-50 elementor-top-column elementor-element elementor-element-f8f5104 elementor-hidden-tablet elementor-hidden-phone\" data-id=\"f8f5104\" data-element_type=\"column\" data-e-type=\"column\">\n\t\t\t<div class=\"elementor-widget-wrap\">\n\t\t\t\t\t\t\t<\/div>\n\t\t<\/div>\n\t\t\t\t\t<\/div>\n\t\t<\/section>\n\t\t\t\t<section class=\"elementor-section elementor-top-section elementor-element elementor-element-4fa3698 elementor-section-boxed elementor-section-height-default elementor-section-height-default\" data-id=\"4fa3698\" data-element_type=\"section\" data-e-type=\"section\">\n\t\t\t\t\t\t<div class=\"elementor-container elementor-column-gap-default\">\n\t\t\t\t\t<div class=\"elementor-column elementor-col-50 elementor-top-column elementor-element elementor-element-1fc376f4\" data-id=\"1fc376f4\" data-element_type=\"column\" data-e-type=\"column\">\n\t\t\t<div class=\"elementor-widget-wrap elementor-element-populated\">\n\t\t\t\t\t\t<div class=\"elementor-element elementor-element-54c4deae elementor-widget-divider--view-line elementor-widget elementor-widget-divider\" data-id=\"54c4deae\" data-element_type=\"widget\" data-e-type=\"widget\" data-widget_type=\"divider.default\">\n\t\t\t\t<div class=\"elementor-widget-container\">\n\t\t\t\t\t\t\t<div class=\"elementor-divider\">\n\t\t\t<span class=\"elementor-divider-separator\">\n\t\t\t\t\t\t<\/span>\n\t\t<\/div>\n\t\t\t\t\t\t<\/div>\n\t\t\t\t<\/div>\n\t\t\t\t<section class=\"elementor-section elementor-inner-section elementor-element elementor-element-612bc640 elementor-section-boxed elementor-section-height-default elementor-section-height-default\" data-id=\"612bc640\" data-element_type=\"section\" data-e-type=\"section\">\n\t\t\t\t\t\t<div class=\"elementor-container elementor-column-gap-default\">\n\t\t\t\t\t<div class=\"elementor-column elementor-col-50 elementor-inner-column elementor-element elementor-element-2e6143ca\" data-id=\"2e6143ca\" data-element_type=\"column\" data-e-type=\"column\">\n\t\t\t<div class=\"elementor-widget-wrap elementor-element-populated\">\n\t\t\t\t\t\t<div class=\"elementor-element elementor-element-2306d892 elementor-widget elementor-widget-text-editor\" data-id=\"2306d892\" data-element_type=\"widget\" data-e-type=\"widget\" data-widget_type=\"text-editor.default\">\n\t\t\t\t<div class=\"elementor-widget-container\">\n\t\t\t\t\t\t\t\t\t<p>T&#8217;ha agaradat? Comparteix:<\/p>\t\t\t\t\t\t\t\t<\/div>\n\t\t\t\t<\/div>\n\t\t\t\t\t<\/div>\n\t\t<\/div>\n\t\t\t\t<div class=\"elementor-column elementor-col-50 elementor-inner-column elementor-element elementor-element-ed9fab6\" data-id=\"ed9fab6\" data-element_type=\"column\" data-e-type=\"column\">\n\t\t\t<div class=\"elementor-widget-wrap elementor-element-populated\">\n\t\t\t\t\t\t<div class=\"elementor-element elementor-element-d7cc214 elementor-share-buttons--view-icon elementor-share-buttons--shape-circle elementor-share-buttons--align-right elementor-share-buttons-mobile--align-center elementor-share-buttons--skin-gradient elementor-grid-0 elementor-share-buttons--color-official elementor-widget elementor-widget-share-buttons\" data-id=\"d7cc214\" data-element_type=\"widget\" data-e-type=\"widget\" data-widget_type=\"share-buttons.default\">\n\t\t\t\t<div class=\"elementor-widget-container\">\n\t\t\t\t\t\t\t<div class=\"elementor-grid\" role=\"list\">\n\t\t\t\t\t\t\t\t<div class=\"elementor-grid-item\" role=\"listitem\">\n\t\t\t\t\t\t<div class=\"elementor-share-btn elementor-share-btn_facebook\" role=\"button\" tabindex=\"0\" aria-label=\"Compartici\u00f3 en facebook\">\n\t\t\t\t\t\t\t\t\t\t\t\t\t\t\t<span class=\"elementor-share-btn__icon\">\n\t\t\t\t\t\t\t\t<i class=\"fab fa-facebook\" aria-hidden=\"true\"><\/i>\t\t\t\t\t\t\t<\/span>\n\t\t\t\t\t\t\t\t\t\t\t\t\t\t\t\t\t\t\t\t<\/div>\n\t\t\t\t\t<\/div>\n\t\t\t\t\t\t\t\t\t<div class=\"elementor-grid-item\" role=\"listitem\">\n\t\t\t\t\t\t<div class=\"elementor-share-btn elementor-share-btn_twitter\" role=\"button\" tabindex=\"0\" aria-label=\"Compartici\u00f3 en twitter\">\n\t\t\t\t\t\t\t\t\t\t\t\t\t\t\t<span class=\"elementor-share-btn__icon\">\n\t\t\t\t\t\t\t\t<i class=\"fab fa-twitter\" aria-hidden=\"true\"><\/i>\t\t\t\t\t\t\t<\/span>\n\t\t\t\t\t\t\t\t\t\t\t\t\t\t\t\t\t\t\t\t<\/div>\n\t\t\t\t\t<\/div>\n\t\t\t\t\t\t\t\t\t<div class=\"elementor-grid-item\" role=\"listitem\">\n\t\t\t\t\t\t<div class=\"elementor-share-btn elementor-share-btn_whatsapp\" role=\"button\" tabindex=\"0\" aria-label=\"Compartici\u00f3 en whatsapp\">\n\t\t\t\t\t\t\t\t\t\t\t\t\t\t\t<span class=\"elementor-share-btn__icon\">\n\t\t\t\t\t\t\t\t<i class=\"fab fa-whatsapp\" aria-hidden=\"true\"><\/i>\t\t\t\t\t\t\t<\/span>\n\t\t\t\t\t\t\t\t\t\t\t\t\t\t\t\t\t\t\t\t<\/div>\n\t\t\t\t\t<\/div>\n\t\t\t\t\t\t\t\t\t<div class=\"elementor-grid-item\" role=\"listitem\">\n\t\t\t\t\t\t<div class=\"elementor-share-btn elementor-share-btn_email\" role=\"button\" tabindex=\"0\" aria-label=\"Compartici\u00f3 en email\">\n\t\t\t\t\t\t\t\t\t\t\t\t\t\t\t<span class=\"elementor-share-btn__icon\">\n\t\t\t\t\t\t\t\t<i class=\"fas fa-envelope\" aria-hidden=\"true\"><\/i>\t\t\t\t\t\t\t<\/span>\n\t\t\t\t\t\t\t\t\t\t\t\t\t\t\t\t\t\t\t\t<\/div>\n\t\t\t\t\t<\/div>\n\t\t\t\t\t\t\t\t\t<div class=\"elementor-grid-item\" role=\"listitem\">\n\t\t\t\t\t\t<div class=\"elementor-share-btn elementor-share-btn_print\" role=\"button\" tabindex=\"0\" aria-label=\"Compartici\u00f3 en print\">\n\t\t\t\t\t\t\t\t\t\t\t\t\t\t\t<span class=\"elementor-share-btn__icon\">\n\t\t\t\t\t\t\t\t<i class=\"fas fa-print\" aria-hidden=\"true\"><\/i>\t\t\t\t\t\t\t<\/span>\n\t\t\t\t\t\t\t\t\t\t\t\t\t\t\t\t\t\t\t\t<\/div>\n\t\t\t\t\t<\/div>\n\t\t\t\t\t\t<\/div>\n\t\t\t\t\t\t<\/div>\n\t\t\t\t<\/div>\n\t\t\t\t\t<\/div>\n\t\t<\/div>\n\t\t\t\t\t<\/div>\n\t\t<\/section>\n\t\t\t\t<div class=\"elementor-element elementor-element-1785dae9 elementor-widget-divider--view-line elementor-widget elementor-widget-divider\" data-id=\"1785dae9\" data-element_type=\"widget\" data-e-type=\"widget\" data-widget_type=\"divider.default\">\n\t\t\t\t<div class=\"elementor-widget-container\">\n\t\t\t\t\t\t\t<div class=\"elementor-divider\">\n\t\t\t<span class=\"elementor-divider-separator\">\n\t\t\t\t\t\t<\/span>\n\t\t<\/div>\n\t\t\t\t\t\t<\/div>\n\t\t\t\t<\/div>\n\t\t\t\t\t<\/div>\n\t\t<\/div>\n\t\t\t\t<div class=\"elementor-column elementor-col-50 elementor-top-column elementor-element elementor-element-1fba56f2 elementor-hidden-tablet elementor-hidden-phone\" data-id=\"1fba56f2\" data-element_type=\"column\" data-e-type=\"column\">\n\t\t\t<div class=\"elementor-widget-wrap\">\n\t\t\t\t\t\t\t<\/div>\n\t\t<\/div>\n\t\t\t\t\t<\/div>\n\t\t<\/section>\n\t\t\t\t<section class=\"elementor-section elementor-top-section elementor-element elementor-element-161d3843 elementor-section-boxed elementor-section-height-default elementor-section-height-default\" data-id=\"161d3843\" data-element_type=\"section\" data-e-type=\"section\">\n\t\t\t\t\t\t<div class=\"elementor-container elementor-column-gap-default\">\n\t\t\t\t\t<div class=\"elementor-column elementor-col-50 elementor-top-column elementor-element elementor-element-4cdb4e82\" data-id=\"4cdb4e82\" data-element_type=\"column\" data-e-type=\"column\">\n\t\t\t<div class=\"elementor-widget-wrap\">\n\t\t\t\t\t\t\t<\/div>\n\t\t<\/div>\n\t\t\t\t<div class=\"elementor-column elementor-col-50 elementor-top-column elementor-element elementor-element-1fb9277b elementor-hidden-tablet elementor-hidden-phone\" data-id=\"1fb9277b\" data-element_type=\"column\" data-e-type=\"column\">\n\t\t\t<div class=\"elementor-widget-wrap\">\n\t\t\t\t\t\t\t<\/div>\n\t\t<\/div>\n\t\t\t\t\t<\/div>\n\t\t<\/section>\n\t\t\t\t<section class=\"elementor-section elementor-top-section elementor-element elementor-element-6829dd1d elementor-section-boxed elementor-section-height-default elementor-section-height-default\" data-id=\"6829dd1d\" data-element_type=\"section\" data-e-type=\"section\">\n\t\t\t\t\t\t<div class=\"elementor-container elementor-column-gap-default\">\n\t\t\t\t\t<div class=\"elementor-column elementor-col-100 elementor-top-column elementor-element elementor-element-441d649b\" data-id=\"441d649b\" data-element_type=\"column\" data-e-type=\"column\">\n\t\t\t<div class=\"elementor-widget-wrap elementor-element-populated\">\n\t\t\t\t\t\t<div class=\"elementor-element elementor-element-3a659e7f elementor-widget-divider--view-line elementor-widget elementor-widget-divider\" data-id=\"3a659e7f\" data-element_type=\"widget\" data-e-type=\"widget\" data-widget_type=\"divider.default\">\n\t\t\t\t<div class=\"elementor-widget-container\">\n\t\t\t\t\t\t\t<div class=\"elementor-divider\">\n\t\t\t<span class=\"elementor-divider-separator\">\n\t\t\t\t\t\t<\/span>\n\t\t<\/div>\n\t\t\t\t\t\t<\/div>\n\t\t\t\t<\/div>\n\t\t\t\t<div class=\"elementor-element elementor-element-7457b334 elementor-widget elementor-widget-post-navigation\" data-id=\"7457b334\" data-element_type=\"widget\" data-e-type=\"widget\" data-widget_type=\"post-navigation.default\">\n\t\t\t\t<div class=\"elementor-widget-container\">\n\t\t\t\t\t\t\t<div class=\"elementor-post-navigation\" role=\"navigation\" aria-label=\"Post Navigation\">\n\t\t\t<div class=\"elementor-post-navigation__prev elementor-post-navigation__link\">\n\t\t\t\t<a href=\"https:\/\/elbiblionauta.com\/ca\/2023\/05\/02\/lhome-del-castell-1961-philip-k-dick\/\" rel=\"prev\"><span class=\"post-navigation__arrow-wrapper post-navigation__arrow-prev\"><i aria-hidden=\"true\" class=\"fas fa-angle-left\"><\/i><span class=\"elementor-screen-only\">Prev<\/span><\/span><span class=\"elementor-post-navigation__link__prev\"><span class=\"post-navigation__prev--label\">Anterior<\/span><span class=\"post-navigation__prev--title\">L&#8217;HOME DEL CASTELL (1961) &#8211; Philip K. Dick<\/span><\/span><\/a>\t\t\t<\/div>\n\t\t\t\t\t\t<div class=\"elementor-post-navigation__next elementor-post-navigation__link\">\n\t\t\t\t<a href=\"https:\/\/elbiblionauta.com\/ca\/2023\/05\/17\/lodissea-al-desert-del-manga-en-catala\/\" rel=\"next\"><span class=\"elementor-post-navigation__link__next\"><span class=\"post-navigation__next--label\">Seg\u00fcent<\/span><span class=\"post-navigation__next--title\">L&#8217;odissea al desert del manga en catal\u00e0<\/span><\/span><span class=\"post-navigation__arrow-wrapper post-navigation__arrow-next\"><i aria-hidden=\"true\" class=\"fas fa-angle-right\"><\/i><span class=\"elementor-screen-only\">Next<\/span><\/span><\/a>\t\t\t<\/div>\n\t\t<\/div>\n\t\t\t\t\t\t<\/div>\n\t\t\t\t<\/div>\n\t\t\t\t<div class=\"elementor-element elementor-element-325da530 elementor-widget-divider--view-line elementor-widget elementor-widget-divider\" data-id=\"325da530\" data-element_type=\"widget\" data-e-type=\"widget\" data-widget_type=\"divider.default\">\n\t\t\t\t<div class=\"elementor-widget-container\">\n\t\t\t\t\t\t\t<div class=\"elementor-divider\">\n\t\t\t<span class=\"elementor-divider-separator\">\n\t\t\t\t\t\t<\/span>\n\t\t<\/div>\n\t\t\t\t\t\t<\/div>\n\t\t\t\t<\/div>\n\t\t\t\t\t<\/div>\n\t\t<\/div>\n\t\t\t\t\t<\/div>\n\t\t<\/section>\n\t\t\t\t<section class=\"elementor-section elementor-top-section elementor-element elementor-element-cf6ba3e elementor-section-full_width elementor-section-stretched elementor-section-height-default elementor-section-height-default\" data-id=\"cf6ba3e\" data-element_type=\"section\" data-e-type=\"section\" data-settings=\"{&quot;stretch_section&quot;:&quot;section-stretched&quot;}\">\n\t\t\t\t\t\t<div class=\"elementor-container elementor-column-gap-default\">\n\t\t\t\t\t<div class=\"elementor-column elementor-col-100 elementor-top-column elementor-element elementor-element-e537426\" data-id=\"e537426\" data-element_type=\"column\" data-e-type=\"column\">\n\t\t\t<div class=\"elementor-widget-wrap elementor-element-populated\">\n\t\t\t\t\t\t<section class=\"elementor-section elementor-inner-section elementor-element elementor-element-74e86cb elementor-section-boxed elementor-section-height-default elementor-section-height-default\" data-id=\"74e86cb\" data-element_type=\"section\" data-e-type=\"section\">\n\t\t\t\t\t\t<div class=\"elementor-container elementor-column-gap-default\">\n\t\t\t\t\t<div class=\"elementor-column elementor-col-100 elementor-inner-column elementor-element elementor-element-32617d4\" data-id=\"32617d4\" data-element_type=\"column\" data-e-type=\"column\">\n\t\t\t<div class=\"elementor-widget-wrap elementor-element-populated\">\n\t\t\t\t\t\t<div class=\"elementor-element elementor-element-2bf6b2d elementor-widget elementor-widget-text-editor\" data-id=\"2bf6b2d\" data-element_type=\"widget\" data-e-type=\"widget\" data-widget_type=\"text-editor.default\">\n\t\t\t\t<div class=\"elementor-widget-container\">\n\t\t\t\t\t\t\t\t\t<p>Tamb\u00e9 et pot interessar&#8230;<\/p>\t\t\t\t\t\t\t\t<\/div>\n\t\t\t\t<\/div>\n\t\t\t\t<div class=\"elementor-element elementor-element-8f36d92 elementor-grid-tablet-3 elementor-grid-3 elementor-grid-mobile-1 elementor-posts--thumbnail-top elementor-posts--show-avatar elementor-card-shadow-yes elementor-posts__hover-gradient elementor-widget elementor-widget-posts\" data-id=\"8f36d92\" data-element_type=\"widget\" data-e-type=\"widget\" data-settings=\"{&quot;cards_columns_tablet&quot;:&quot;3&quot;,&quot;cards_columns&quot;:&quot;3&quot;,&quot;cards_columns_mobile&quot;:&quot;1&quot;,&quot;cards_row_gap&quot;:{&quot;unit&quot;:&quot;px&quot;,&quot;size&quot;:35,&quot;sizes&quot;:[]},&quot;cards_row_gap_tablet&quot;:{&quot;unit&quot;:&quot;px&quot;,&quot;size&quot;:&quot;&quot;,&quot;sizes&quot;:[]},&quot;cards_row_gap_mobile&quot;:{&quot;unit&quot;:&quot;px&quot;,&quot;size&quot;:&quot;&quot;,&quot;sizes&quot;:[]}}\" data-widget_type=\"posts.cards\">\n\t\t\t\t<div class=\"elementor-widget-container\">\n\t\t\t\t\t\t\t<div class=\"elementor-posts-container elementor-posts elementor-posts--skin-cards elementor-grid\" role=\"list\">\n\t\t\t\t<article class=\"elementor-post elementor-grid-item post-29465 post type-post status-publish format-standard has-post-thumbnail hentry category-cienci-ficcio category-ressenya tag-cfft-en-catala tag-simak_cliffor-d\" role=\"listitem\">\n\t\t\t<div class=\"elementor-post__card\">\n\t\t\t\t<a class=\"elementor-post__thumbnail__link\" href=\"https:\/\/elbiblionauta.com\/ca\/2020\/01\/08\/ciutat-1952-clifford-d-simak\/\" tabindex=\"-1\" ><div class=\"elementor-post__thumbnail\"><img fetchpriority=\"high\" decoding=\"async\" width=\"529\" height=\"719\" src=\"https:\/\/elbiblionauta.com\/ca\/wp-content\/uploads\/2020\/01\/77264900_1233973940146305_3480424579355115520_n.jpg\" class=\"attachment-full size-full wp-image-29467\" alt=\"\" srcset=\"https:\/\/elbiblionauta.com\/ca\/wp-content\/uploads\/2020\/01\/77264900_1233973940146305_3480424579355115520_n.jpg 529w, https:\/\/elbiblionauta.com\/ca\/wp-content\/uploads\/2020\/01\/77264900_1233973940146305_3480424579355115520_n-240x326.jpg 240w, https:\/\/elbiblionauta.com\/ca\/wp-content\/uploads\/2020\/01\/77264900_1233973940146305_3480424579355115520_n-221x300.jpg 221w\" sizes=\"(max-width: 529px) 100vw, 529px\" \/><\/div><\/a>\n\t\t\t\t<div class=\"elementor-post__avatar\">\n\t\t\t<img data-del=\"avatar\" alt=\"Miquel Codony\" src='https:\/\/elbiblionauta.com\/ca\/wp-content\/uploads\/2025\/01\/qdny-150x150.jpg' class='avatar pp-user-avatar avatar-128 photo ' height='128' width='128'\/>\t\t<\/div>\n\t\t\t\t<div class=\"elementor-post__text\">\n\t\t\t\t<h3 class=\"elementor-post__title\">\n\t\t\t<a href=\"https:\/\/elbiblionauta.com\/ca\/2020\/01\/08\/ciutat-1952-clifford-d-simak\/\" >\n\t\t\t\tCIUTAT (1952) &#8211; Clifford D. Simak\t\t\t<\/a>\n\t\t<\/h3>\n\t\t\t\t<\/div>\n\t\t\t\t<div class=\"elementor-post__meta-data\">\n\t\t\t\t\t<span class=\"elementor-post-author\">\n\t\t\tMiquel Codony\t\t<\/span>\n\t\t\t\t<span class=\"elementor-post-date\">\n\t\t\t8 de gener de 2020\t\t<\/span>\n\t\t\t\t<\/div>\n\t\t\t\t\t<\/div>\n\t\t<\/article>\n\t\t\t\t<article class=\"elementor-post elementor-grid-item post-3447 post type-post status-publish format-standard hentry category-hemeroteca tag-opinio-cificat\" role=\"listitem\">\n\t\t\t<div class=\"elementor-post__card\">\n\t\t\t\t<div class=\"elementor-post__text\">\n\t\t\t\t<h3 class=\"elementor-post__title\">\n\t\t\t<a href=\"https:\/\/elbiblionauta.com\/ca\/2014\/01\/01\/el-m%c3%b3n-del-dem%c3%a0-ahir-encerts-i-desencerts-de-la-literatura-de-ficci%c3%b3\/\" >\n\t\t\t\tEL M\u00d3N DEL DEM\u00c0 AHIR. ENCERTS I DESENCERTS DE LA LITERATURA DE FICCI\u00d3\t\t\t<\/a>\n\t\t<\/h3>\n\t\t\t\t<\/div>\n\t\t\t\t<div class=\"elementor-post__meta-data\">\n\t\t\t\t\t<span class=\"elementor-post-author\">\n\t\t\tDaniel Gen\u00eds\t\t<\/span>\n\t\t\t\t<span class=\"elementor-post-date\">\n\t\t\t1 de gener de 2014\t\t<\/span>\n\t\t\t\t<\/div>\n\t\t\t\t\t<\/div>\n\t\t<\/article>\n\t\t\t\t<article class=\"elementor-post elementor-grid-item post-68691 post type-post status-publish format-standard has-post-thumbnail hentry category-cienci-ficcio category-fantasia category-ressenya tag-oset_sergi-g tag-cfft-en-catala\" role=\"listitem\">\n\t\t\t<div class=\"elementor-post__card\">\n\t\t\t\t<a class=\"elementor-post__thumbnail__link\" href=\"https:\/\/elbiblionauta.com\/ca\/2022\/01\/18\/nines-linxs-nais-2021-stergin-osetkinj\/\" tabindex=\"-1\" ><div class=\"elementor-post__thumbnail\"><img decoding=\"async\" width=\"551\" height=\"857\" src=\"https:\/\/elbiblionauta.com\/ca\/wp-content\/uploads\/2021\/10\/nines-linxs-nais.png\" class=\"attachment-full size-full wp-image-65448\" alt=\"\" srcset=\"https:\/\/elbiblionauta.com\/ca\/wp-content\/uploads\/2021\/10\/nines-linxs-nais.png 551w, https:\/\/elbiblionauta.com\/ca\/wp-content\/uploads\/2021\/10\/nines-linxs-nais-193x300.png 193w, https:\/\/elbiblionauta.com\/ca\/wp-content\/uploads\/2021\/10\/nines-linxs-nais-240x373.png 240w\" sizes=\"(max-width: 551px) 100vw, 551px\" \/><\/div><\/a>\n\t\t\t\t<div class=\"elementor-post__avatar\">\n\t\t\t<img data-del=\"avatar\" alt=\"Enric Bassegoda\" src='https:\/\/elbiblionauta.com\/ca\/wp-content\/uploads\/2018\/02\/ebassegoda2-128x128.jpg' class='avatar pp-user-avatar avatar-128 photo ' height='128' width='128'\/>\t\t<\/div>\n\t\t\t\t<div class=\"elementor-post__text\">\n\t\t\t\t<h3 class=\"elementor-post__title\">\n\t\t\t<a href=\"https:\/\/elbiblionauta.com\/ca\/2022\/01\/18\/nines-linxs-nais-2021-stergin-osetkinj\/\" >\n\t\t\t\tNINES, LINXS, NAIS (2021) &#8211; Stergin Osetkinj\t\t\t<\/a>\n\t\t<\/h3>\n\t\t\t\t<\/div>\n\t\t\t\t<div class=\"elementor-post__meta-data\">\n\t\t\t\t\t<span class=\"elementor-post-author\">\n\t\t\tEnric Bassegoda\t\t<\/span>\n\t\t\t\t<span class=\"elementor-post-date\">\n\t\t\t18 de gener de 2022\t\t<\/span>\n\t\t\t\t<\/div>\n\t\t\t\t\t<\/div>\n\t\t<\/article>\n\t\t\t\t<\/div>\n\t\t\n\t\t\t\t\t\t<\/div>\n\t\t\t\t<\/div>\n\t\t\t\t\t<\/div>\n\t\t<\/div>\n\t\t\t\t\t<\/div>\n\t\t<\/section>\n\t\t\t\t<div class=\"elementor-element elementor-element-6d32159 elementor-widget elementor-widget-image\" data-id=\"6d32159\" data-element_type=\"widget\" data-e-type=\"widget\" data-widget_type=\"image.default\">\n\t\t\t\t<div class=\"elementor-widget-container\">\n\t\t\t\t\t\t\t\t\t\t\t\t\t\t\t<img decoding=\"async\" src=\"https:\/\/elbiblionauta.com\/ca\/wp-content\/uploads\/elementor\/thumbs\/logo_2020_blanc-pckbxj5czpfwu8oaxhnavol7d6vr7y8gdmk72gp3l2.png\" title=\"logo_2020_blanc\" alt=\"logo_2020_blanc\" loading=\"lazy\" \/>\t\t\t\t\t\t\t\t\t\t\t\t\t\t\t<\/div>\n\t\t\t\t<\/div>\n\t\t\t\t<section class=\"elementor-section elementor-inner-section elementor-element elementor-element-b54d20a elementor-section-boxed elementor-section-height-default elementor-section-height-default\" data-id=\"b54d20a\" data-element_type=\"section\" data-e-type=\"section\" data-settings=\"{&quot;background_background&quot;:&quot;classic&quot;}\">\n\t\t\t\t\t\t<div class=\"elementor-container elementor-column-gap-no\">\n\t\t\t\t\t<div class=\"elementor-column elementor-col-33 elementor-inner-column elementor-element elementor-element-231207f\" data-id=\"231207f\" data-element_type=\"column\" data-e-type=\"column\">\n\t\t\t<div class=\"elementor-widget-wrap elementor-element-populated\">\n\t\t\t\t\t\t<div class=\"elementor-element elementor-element-d9f2f09 elementor-widget elementor-widget-text-editor\" data-id=\"d9f2f09\" data-element_type=\"widget\" data-e-type=\"widget\" data-widget_type=\"text-editor.default\">\n\t\t\t\t<div class=\"elementor-widget-container\">\n\t\t\t\t\t\t\t\t\t<p><span style=\"color: #ffffff;\"><a style=\"color: #ffffff;\" href=\"https:\/\/elbiblionauta.com\/ca\/lassociacio\/\">L&#8217;associaci\u00f3<\/a><\/span><\/p>\t\t\t\t\t\t\t\t<\/div>\n\t\t\t\t<\/div>\n\t\t\t\t\t<\/div>\n\t\t<\/div>\n\t\t\t\t<div class=\"elementor-column elementor-col-33 elementor-inner-column elementor-element elementor-element-0f55dde\" data-id=\"0f55dde\" data-element_type=\"column\" data-e-type=\"column\">\n\t\t\t<div class=\"elementor-widget-wrap elementor-element-populated\">\n\t\t\t\t\t\t<div class=\"elementor-element elementor-element-00953fa elementor-widget elementor-widget-text-editor\" data-id=\"00953fa\" data-element_type=\"widget\" data-e-type=\"widget\" data-widget_type=\"text-editor.default\">\n\t\t\t\t<div class=\"elementor-widget-container\">\n\t\t\t\t\t\t\t\t\t<p><span style=\"color: #ffffff;\"><a style=\"color: #ffffff;\" href=\"https:\/\/elbiblionauta.com\/ca\/botiga\/\">Publicacions<\/a><\/span><\/p>\t\t\t\t\t\t\t\t<\/div>\n\t\t\t\t<\/div>\n\t\t\t\t\t<\/div>\n\t\t<\/div>\n\t\t\t\t<div class=\"elementor-column elementor-col-33 elementor-inner-column elementor-element elementor-element-ebea85c\" data-id=\"ebea85c\" data-element_type=\"column\" data-e-type=\"column\">\n\t\t\t<div class=\"elementor-widget-wrap elementor-element-populated\">\n\t\t\t\t\t\t<div class=\"elementor-element elementor-element-91577ef elementor-widget elementor-widget-text-editor\" data-id=\"91577ef\" data-element_type=\"widget\" data-e-type=\"widget\" data-widget_type=\"text-editor.default\">\n\t\t\t\t<div class=\"elementor-widget-container\">\n\t\t\t\t\t\t\t\t\t<p><span style=\"color: #ffffff;\"><a style=\"color: #ffffff;\" href=\"https:\/\/elbiblionauta.com\/ca\/contcte\/\">Cont@cte<\/a><\/span><\/p>\t\t\t\t\t\t\t\t<\/div>\n\t\t\t\t<\/div>\n\t\t\t\t\t<\/div>\n\t\t<\/div>\n\t\t\t\t\t<\/div>\n\t\t<\/section>\n\t\t\t\t<div class=\"elementor-element elementor-element-ddf2294 elementor-widget elementor-widget-text-editor\" data-id=\"ddf2294\" data-element_type=\"widget\" data-e-type=\"widget\" data-widget_type=\"text-editor.default\">\n\t\t\t\t<div class=\"elementor-widget-container\">\n\t\t\t\t\t\t\t\t\t<p>Segueix-nos:<\/p>\t\t\t\t\t\t\t\t<\/div>\n\t\t\t\t<\/div>\n\t\t\t\t<div class=\"elementor-element elementor-element-d83a9d2 elementor-shape-circle elementor-grid-0 e-grid-align-center elementor-widget elementor-widget-social-icons\" data-id=\"d83a9d2\" data-element_type=\"widget\" data-e-type=\"widget\" data-widget_type=\"social-icons.default\">\n\t\t\t\t<div class=\"elementor-widget-container\">\n\t\t\t\t\t\t\t<div class=\"elementor-social-icons-wrapper elementor-grid\" role=\"list\">\n\t\t\t\t\t\t\t<span class=\"elementor-grid-item\" role=\"listitem\">\n\t\t\t\t\t<a class=\"elementor-icon elementor-social-icon elementor-social-icon-facebook elementor-repeater-item-65260df\" href=\"https:\/\/www.facebook.com\/ElBiblionauta\" target=\"_blank\">\n\t\t\t\t\t\t<span class=\"elementor-screen-only\">Facebook<\/span>\n\t\t\t\t\t\t<i aria-hidden=\"true\" class=\"fab fa-facebook\"><\/i>\t\t\t\t\t<\/a>\n\t\t\t\t<\/span>\n\t\t\t\t\t\t\t<span class=\"elementor-grid-item\" role=\"listitem\">\n\t\t\t\t\t<a class=\"elementor-icon elementor-social-icon elementor-social-icon-twitter elementor-repeater-item-dcc90f2\" href=\"https:\/\/twitter.com\/ElBiblionauta\" target=\"_blank\">\n\t\t\t\t\t\t<span class=\"elementor-screen-only\">Twitter<\/span>\n\t\t\t\t\t\t<i aria-hidden=\"true\" class=\"fab fa-twitter\"><\/i>\t\t\t\t\t<\/a>\n\t\t\t\t<\/span>\n\t\t\t\t\t\t\t<span class=\"elementor-grid-item\" role=\"listitem\">\n\t\t\t\t\t<a class=\"elementor-icon elementor-social-icon elementor-social-icon-instagram elementor-repeater-item-3e57ed0\" href=\"https:\/\/www.instagram.com\/elbiblionauta\/\" target=\"_blank\">\n\t\t\t\t\t\t<span class=\"elementor-screen-only\">Instagram<\/span>\n\t\t\t\t\t\t<i aria-hidden=\"true\" class=\"fab fa-instagram\"><\/i>\t\t\t\t\t<\/a>\n\t\t\t\t<\/span>\n\t\t\t\t\t<\/div>\n\t\t\t\t\t\t<\/div>\n\t\t\t\t<\/div>\n\t\t\t\t\t<\/div>\n\t\t<\/div>\n\t\t\t\t\t<\/div>\n\t\t<\/section>\n\t\t\t\t<\/div>\n\t\t","protected":false},"excerpt":{"rendered":"<p>OPINI\u00d3 Ci\u00e8ncia-ficci\u00f3 i fantasia a les aules (III). La dignificaci\u00f3 del g\u00e8nere en els estudis postobligatoris Tercera i \u00faltima part de la s\u00e8rie d&#8217;article que Daniel Gen\u00eds dedica a la<\/p>\n","protected":false},"author":1,"featured_media":0,"comment_status":"open","ping_status":"open","sticky":false,"template":"","format":"standard","meta":{"_jetpack_memberships_contains_paid_content":false,"footnotes":"","jetpack_publicize_message":"Tercera i \u00faltima entrega de l'article on Daniel Gen\u00eds ens parla de les bondats de la literatura fant\u00e0stica en l'educaci\u00f3.\r\n\r\nAvui, els esfor\u00e7os dels estudis postobligatoris per a dignificar i, en \u00faltim terme normalitzar, la literatura de g\u00e8nere.","jetpack_publicize_feature_enabled":true,"jetpack_social_post_already_shared":true,"jetpack_social_options":{"image_generator_settings":{"template":"highway","default_image_id":0,"font":"","enabled":false},"version":2},"_links_to":"","_links_to_target":""},"categories":[244,257,472],"tags":[1692,928],"class_list":["post-21629","post","type-post","status-publish","format-standard","hentry","category-cienci-ficcio","category-fantasia","category-article","tag-lij-cificat","tag-opinio-cificat"],"yoast_head":"<!-- This site is optimized with the Yoast SEO plugin v27.5 - https:\/\/yoast.com\/product\/yoast-seo-wordpress\/ -->\n<title>Ci\u00e8ncia-ficci\u00f3 i fantasia a les aules (III). La dignificaci\u00f3 del g\u00e8nere en els estudis postobligatoris | El Biblionauta<\/title>\n<meta name=\"robots\" content=\"index, follow, max-snippet:-1, max-image-preview:large, max-video-preview:-1\" \/>\n<link rel=\"canonical\" href=\"https:\/\/elbiblionauta.com\/ca\/2018\/09\/07\/ciencia-ficcio-i-fantasia-a-les-aules-iii-la-dignificacio-del-genere-en-els-estudis-postobligatoris\/\" \/>\n<meta property=\"og:locale\" content=\"ca_ES\" \/>\n<meta property=\"og:type\" content=\"article\" \/>\n<meta property=\"og:title\" content=\"Ci\u00e8ncia-ficci\u00f3 i fantasia a les aules (III). La dignificaci\u00f3 del g\u00e8nere en els estudis postobligatoris | El Biblionauta\" \/>\n<meta property=\"og:description\" content=\"OPINI\u00d3 Ci\u00e8ncia-ficci\u00f3 i fantasia a les aules (III). La dignificaci\u00f3 del g\u00e8nere en els estudis postobligatoris Tercera i \u00faltima part de la s\u00e8rie d&#8217;article que Daniel Gen\u00eds dedica a la\" \/>\n<meta property=\"og:url\" content=\"https:\/\/elbiblionauta.com\/ca\/2018\/09\/07\/ciencia-ficcio-i-fantasia-a-les-aules-iii-la-dignificacio-del-genere-en-els-estudis-postobligatoris\/\" \/>\n<meta property=\"og:site_name\" content=\"El Biblionauta\" \/>\n<meta property=\"article:publisher\" content=\"https:\/\/www.facebook.com\/ElBiblionauta\" \/>\n<meta property=\"article:author\" content=\"https:\/\/www.facebook.com\/dgmas\" \/>\n<meta property=\"article:published_time\" content=\"2018-09-07T06:00:09+00:00\" \/>\n<meta property=\"article:modified_time\" content=\"2022-10-18T05:52:13+00:00\" \/>\n<meta property=\"og:image\" content=\"https:\/\/elbiblionauta.com\/ca\/wp-content\/uploads\/2018\/07\/shutterstock_59912746.jpg\" \/>\n\t<meta property=\"og:image:width\" content=\"1000\" \/>\n\t<meta property=\"og:image:height\" content=\"664\" \/>\n\t<meta property=\"og:image:type\" content=\"image\/jpeg\" \/>\n<meta name=\"author\" content=\"Daniel Gen\u00eds\" \/>\n<meta name=\"twitter:card\" content=\"summary_large_image\" \/>\n<meta name=\"twitter:creator\" content=\"@https:\/\/twitter.com\/DanielGenis\" \/>\n<meta name=\"twitter:site\" content=\"@ElBiblionauta\" \/>\n<meta name=\"twitter:label1\" content=\"Escrit per\" \/>\n\t<meta name=\"twitter:data1\" content=\"Daniel Gen\u00eds\" \/>\n\t<meta name=\"twitter:label2\" content=\"Temps estimat de lectura\" \/>\n\t<meta name=\"twitter:data2\" content=\"11 minuts\" \/>\n<script type=\"application\/ld+json\" class=\"yoast-schema-graph\">{\"@context\":\"https:\\\/\\\/schema.org\",\"@graph\":[{\"@type\":\"Article\",\"@id\":\"https:\\\/\\\/elbiblionauta.com\\\/ca\\\/2018\\\/09\\\/07\\\/ciencia-ficcio-i-fantasia-a-les-aules-iii-la-dignificacio-del-genere-en-els-estudis-postobligatoris\\\/#article\",\"isPartOf\":{\"@id\":\"https:\\\/\\\/elbiblionauta.com\\\/ca\\\/2018\\\/09\\\/07\\\/ciencia-ficcio-i-fantasia-a-les-aules-iii-la-dignificacio-del-genere-en-els-estudis-postobligatoris\\\/\"},\"author\":{\"name\":\"Daniel Gen\u00eds\",\"@id\":\"https:\\\/\\\/elbiblionauta.com\\\/ca\\\/#\\\/schema\\\/person\\\/160d3487a7f8519ad10540adacbbec31\"},\"headline\":\"Ci\u00e8ncia-ficci\u00f3 i fantasia a les aules (III). La dignificaci\u00f3 del g\u00e8nere en els estudis postobligatoris\",\"datePublished\":\"2018-09-07T06:00:09+00:00\",\"dateModified\":\"2022-10-18T05:52:13+00:00\",\"mainEntityOfPage\":{\"@id\":\"https:\\\/\\\/elbiblionauta.com\\\/ca\\\/2018\\\/09\\\/07\\\/ciencia-ficcio-i-fantasia-a-les-aules-iii-la-dignificacio-del-genere-en-els-estudis-postobligatoris\\\/\"},\"wordCount\":2015,\"commentCount\":0,\"publisher\":{\"@id\":\"https:\\\/\\\/elbiblionauta.com\\\/ca\\\/#organization\"},\"image\":{\"@id\":\"https:\\\/\\\/elbiblionauta.com\\\/ca\\\/2018\\\/09\\\/07\\\/ciencia-ficcio-i-fantasia-a-les-aules-iii-la-dignificacio-del-genere-en-els-estudis-postobligatoris\\\/#primaryimage\"},\"thumbnailUrl\":\"https:\\\/\\\/elbiblionauta.com\\\/ca\\\/wp-content\\\/uploads\\\/2018\\\/07\\\/shutterstock_59912746.jpg\",\"keywords\":[\"LiJ CiFiCAT\",\"Opini\u00f3 CiFiCat\"],\"articleSection\":[\"Ci\u00e8ncia Ficci\u00f3\",\"Fantasia\",\"Opini\u00f3\"],\"inLanguage\":\"ca\",\"potentialAction\":[{\"@type\":\"CommentAction\",\"name\":\"Comment\",\"target\":[\"https:\\\/\\\/elbiblionauta.com\\\/ca\\\/2018\\\/09\\\/07\\\/ciencia-ficcio-i-fantasia-a-les-aules-iii-la-dignificacio-del-genere-en-els-estudis-postobligatoris\\\/#respond\"]}]},{\"@type\":\"WebPage\",\"@id\":\"https:\\\/\\\/elbiblionauta.com\\\/ca\\\/2018\\\/09\\\/07\\\/ciencia-ficcio-i-fantasia-a-les-aules-iii-la-dignificacio-del-genere-en-els-estudis-postobligatoris\\\/\",\"url\":\"https:\\\/\\\/elbiblionauta.com\\\/ca\\\/2018\\\/09\\\/07\\\/ciencia-ficcio-i-fantasia-a-les-aules-iii-la-dignificacio-del-genere-en-els-estudis-postobligatoris\\\/\",\"name\":\"Ci\u00e8ncia-ficci\u00f3 i fantasia a les aules (III). La dignificaci\u00f3 del g\u00e8nere en els estudis postobligatoris | El Biblionauta\",\"isPartOf\":{\"@id\":\"https:\\\/\\\/elbiblionauta.com\\\/ca\\\/#website\"},\"primaryImageOfPage\":{\"@id\":\"https:\\\/\\\/elbiblionauta.com\\\/ca\\\/2018\\\/09\\\/07\\\/ciencia-ficcio-i-fantasia-a-les-aules-iii-la-dignificacio-del-genere-en-els-estudis-postobligatoris\\\/#primaryimage\"},\"image\":{\"@id\":\"https:\\\/\\\/elbiblionauta.com\\\/ca\\\/2018\\\/09\\\/07\\\/ciencia-ficcio-i-fantasia-a-les-aules-iii-la-dignificacio-del-genere-en-els-estudis-postobligatoris\\\/#primaryimage\"},\"thumbnailUrl\":\"https:\\\/\\\/elbiblionauta.com\\\/ca\\\/wp-content\\\/uploads\\\/2018\\\/07\\\/shutterstock_59912746.jpg\",\"datePublished\":\"2018-09-07T06:00:09+00:00\",\"dateModified\":\"2022-10-18T05:52:13+00:00\",\"breadcrumb\":{\"@id\":\"https:\\\/\\\/elbiblionauta.com\\\/ca\\\/2018\\\/09\\\/07\\\/ciencia-ficcio-i-fantasia-a-les-aules-iii-la-dignificacio-del-genere-en-els-estudis-postobligatoris\\\/#breadcrumb\"},\"inLanguage\":\"ca\",\"potentialAction\":[{\"@type\":\"ReadAction\",\"target\":[\"https:\\\/\\\/elbiblionauta.com\\\/ca\\\/2018\\\/09\\\/07\\\/ciencia-ficcio-i-fantasia-a-les-aules-iii-la-dignificacio-del-genere-en-els-estudis-postobligatoris\\\/\"]}]},{\"@type\":\"ImageObject\",\"inLanguage\":\"ca\",\"@id\":\"https:\\\/\\\/elbiblionauta.com\\\/ca\\\/2018\\\/09\\\/07\\\/ciencia-ficcio-i-fantasia-a-les-aules-iii-la-dignificacio-del-genere-en-els-estudis-postobligatoris\\\/#primaryimage\",\"url\":\"https:\\\/\\\/elbiblionauta.com\\\/ca\\\/wp-content\\\/uploads\\\/2018\\\/07\\\/shutterstock_59912746.jpg\",\"contentUrl\":\"https:\\\/\\\/elbiblionauta.com\\\/ca\\\/wp-content\\\/uploads\\\/2018\\\/07\\\/shutterstock_59912746.jpg\"},{\"@type\":\"BreadcrumbList\",\"@id\":\"https:\\\/\\\/elbiblionauta.com\\\/ca\\\/2018\\\/09\\\/07\\\/ciencia-ficcio-i-fantasia-a-les-aules-iii-la-dignificacio-del-genere-en-els-estudis-postobligatoris\\\/#breadcrumb\",\"itemListElement\":[{\"@type\":\"ListItem\",\"position\":1,\"name\":\"Inici\",\"item\":\"https:\\\/\\\/elbiblionauta.com\\\/ca\\\/\"},{\"@type\":\"ListItem\",\"position\":2,\"name\":\"Ci\u00e8ncia-ficci\u00f3 i fantasia a les aules (III). La dignificaci\u00f3 del g\u00e8nere en els estudis postobligatoris\"}]},{\"@type\":\"WebSite\",\"@id\":\"https:\\\/\\\/elbiblionauta.com\\\/ca\\\/#website\",\"url\":\"https:\\\/\\\/elbiblionauta.com\\\/ca\\\/\",\"name\":\"El Biblionauta\",\"description\":\"El teu portal de literatura fant\u00e0stica en catal\u00e0.\",\"publisher\":{\"@id\":\"https:\\\/\\\/elbiblionauta.com\\\/ca\\\/#organization\"},\"potentialAction\":[{\"@type\":\"SearchAction\",\"target\":{\"@type\":\"EntryPoint\",\"urlTemplate\":\"https:\\\/\\\/elbiblionauta.com\\\/ca\\\/?s={search_term_string}\"},\"query-input\":{\"@type\":\"PropertyValueSpecification\",\"valueRequired\":true,\"valueName\":\"search_term_string\"}}],\"inLanguage\":\"ca\"},{\"@type\":\"Organization\",\"@id\":\"https:\\\/\\\/elbiblionauta.com\\\/ca\\\/#organization\",\"name\":\"El Biblionauta\",\"url\":\"https:\\\/\\\/elbiblionauta.com\\\/ca\\\/\",\"logo\":{\"@type\":\"ImageObject\",\"inLanguage\":\"ca\",\"@id\":\"https:\\\/\\\/elbiblionauta.com\\\/ca\\\/#\\\/schema\\\/logo\\\/image\\\/\",\"url\":\"https:\\\/\\\/elbiblionauta.com\\\/ca\\\/wp-content\\\/uploads\\\/2022\\\/04\\\/logo-biblio2.png\",\"contentUrl\":\"https:\\\/\\\/elbiblionauta.com\\\/ca\\\/wp-content\\\/uploads\\\/2022\\\/04\\\/logo-biblio2.png\",\"width\":120,\"height\":120,\"caption\":\"El Biblionauta\"},\"image\":{\"@id\":\"https:\\\/\\\/elbiblionauta.com\\\/ca\\\/#\\\/schema\\\/logo\\\/image\\\/\"},\"sameAs\":[\"https:\\\/\\\/www.facebook.com\\\/ElBiblionauta\",\"https:\\\/\\\/x.com\\\/ElBiblionauta\"]},{\"@type\":\"Person\",\"@id\":\"https:\\\/\\\/elbiblionauta.com\\\/ca\\\/#\\\/schema\\\/person\\\/160d3487a7f8519ad10540adacbbec31\",\"name\":\"Daniel Gen\u00eds\",\"image\":{\"@type\":\"ImageObject\",\"inLanguage\":\"ca\",\"@id\":\"https:\\\/\\\/elbiblionauta.com\\\/ca\\\/wp-content\\\/uploads\\\/2022\\\/12\\\/dgenis23-100x100.png\",\"url\":\"https:\\\/\\\/elbiblionauta.com\\\/ca\\\/wp-content\\\/uploads\\\/2022\\\/12\\\/dgenis23-100x100.png\",\"contentUrl\":\"https:\\\/\\\/elbiblionauta.com\\\/ca\\\/wp-content\\\/uploads\\\/2022\\\/12\\\/dgenis23-100x100.png\",\"caption\":\"Daniel Gen\u00eds\"},\"description\":\"Doctor en literatura. Professor de catal\u00e0. Culturalment dispers. Exdirector de la col\u00b7lecci\u00f3 \\\"Ci\u00e8ncia-Ficci\u00f3\\\" de Pag\u00e8s Editors, actualment fa d'assessor a \\\"L'Arc\u00e0\\\" de Laertes. \u00c9s l'editor en cap de El Biblionauta.\",\"sameAs\":[\"http:\\\/\\\/danielgenis.cat\\\/\",\"https:\\\/\\\/www.facebook.com\\\/dgmas\",\"https:\\\/\\\/x.com\\\/https:\\\/\\\/twitter.com\\\/DanielGenis\"],\"url\":\"https:\\\/\\\/elbiblionauta.com\\\/ca\\\/author\\\/dgenis\\\/\"}]}<\/script>\n<!-- \/ Yoast SEO plugin. -->","yoast_head_json":{"title":"Ci\u00e8ncia-ficci\u00f3 i fantasia a les aules (III). La dignificaci\u00f3 del g\u00e8nere en els estudis postobligatoris | El Biblionauta","robots":{"index":"index","follow":"follow","max-snippet":"max-snippet:-1","max-image-preview":"max-image-preview:large","max-video-preview":"max-video-preview:-1"},"canonical":"https:\/\/elbiblionauta.com\/ca\/2018\/09\/07\/ciencia-ficcio-i-fantasia-a-les-aules-iii-la-dignificacio-del-genere-en-els-estudis-postobligatoris\/","og_locale":"ca_ES","og_type":"article","og_title":"Ci\u00e8ncia-ficci\u00f3 i fantasia a les aules (III). La dignificaci\u00f3 del g\u00e8nere en els estudis postobligatoris | El Biblionauta","og_description":"OPINI\u00d3 Ci\u00e8ncia-ficci\u00f3 i fantasia a les aules (III). La dignificaci\u00f3 del g\u00e8nere en els estudis postobligatoris Tercera i \u00faltima part de la s\u00e8rie d&#8217;article que Daniel Gen\u00eds dedica a la","og_url":"https:\/\/elbiblionauta.com\/ca\/2018\/09\/07\/ciencia-ficcio-i-fantasia-a-les-aules-iii-la-dignificacio-del-genere-en-els-estudis-postobligatoris\/","og_site_name":"El Biblionauta","article_publisher":"https:\/\/www.facebook.com\/ElBiblionauta","article_author":"https:\/\/www.facebook.com\/dgmas","article_published_time":"2018-09-07T06:00:09+00:00","article_modified_time":"2022-10-18T05:52:13+00:00","og_image":[{"width":1000,"height":664,"url":"https:\/\/elbiblionauta.com\/ca\/wp-content\/uploads\/2018\/07\/shutterstock_59912746.jpg","type":"image\/jpeg"}],"author":"Daniel Gen\u00eds","twitter_card":"summary_large_image","twitter_creator":"@https:\/\/twitter.com\/DanielGenis","twitter_site":"@ElBiblionauta","twitter_misc":{"Escrit per":"Daniel Gen\u00eds","Temps estimat de lectura":"11 minuts"},"schema":{"@context":"https:\/\/schema.org","@graph":[{"@type":"Article","@id":"https:\/\/elbiblionauta.com\/ca\/2018\/09\/07\/ciencia-ficcio-i-fantasia-a-les-aules-iii-la-dignificacio-del-genere-en-els-estudis-postobligatoris\/#article","isPartOf":{"@id":"https:\/\/elbiblionauta.com\/ca\/2018\/09\/07\/ciencia-ficcio-i-fantasia-a-les-aules-iii-la-dignificacio-del-genere-en-els-estudis-postobligatoris\/"},"author":{"name":"Daniel Gen\u00eds","@id":"https:\/\/elbiblionauta.com\/ca\/#\/schema\/person\/160d3487a7f8519ad10540adacbbec31"},"headline":"Ci\u00e8ncia-ficci\u00f3 i fantasia a les aules (III). La dignificaci\u00f3 del g\u00e8nere en els estudis postobligatoris","datePublished":"2018-09-07T06:00:09+00:00","dateModified":"2022-10-18T05:52:13+00:00","mainEntityOfPage":{"@id":"https:\/\/elbiblionauta.com\/ca\/2018\/09\/07\/ciencia-ficcio-i-fantasia-a-les-aules-iii-la-dignificacio-del-genere-en-els-estudis-postobligatoris\/"},"wordCount":2015,"commentCount":0,"publisher":{"@id":"https:\/\/elbiblionauta.com\/ca\/#organization"},"image":{"@id":"https:\/\/elbiblionauta.com\/ca\/2018\/09\/07\/ciencia-ficcio-i-fantasia-a-les-aules-iii-la-dignificacio-del-genere-en-els-estudis-postobligatoris\/#primaryimage"},"thumbnailUrl":"https:\/\/elbiblionauta.com\/ca\/wp-content\/uploads\/2018\/07\/shutterstock_59912746.jpg","keywords":["LiJ CiFiCAT","Opini\u00f3 CiFiCat"],"articleSection":["Ci\u00e8ncia Ficci\u00f3","Fantasia","Opini\u00f3"],"inLanguage":"ca","potentialAction":[{"@type":"CommentAction","name":"Comment","target":["https:\/\/elbiblionauta.com\/ca\/2018\/09\/07\/ciencia-ficcio-i-fantasia-a-les-aules-iii-la-dignificacio-del-genere-en-els-estudis-postobligatoris\/#respond"]}]},{"@type":"WebPage","@id":"https:\/\/elbiblionauta.com\/ca\/2018\/09\/07\/ciencia-ficcio-i-fantasia-a-les-aules-iii-la-dignificacio-del-genere-en-els-estudis-postobligatoris\/","url":"https:\/\/elbiblionauta.com\/ca\/2018\/09\/07\/ciencia-ficcio-i-fantasia-a-les-aules-iii-la-dignificacio-del-genere-en-els-estudis-postobligatoris\/","name":"Ci\u00e8ncia-ficci\u00f3 i fantasia a les aules (III). La dignificaci\u00f3 del g\u00e8nere en els estudis postobligatoris | El Biblionauta","isPartOf":{"@id":"https:\/\/elbiblionauta.com\/ca\/#website"},"primaryImageOfPage":{"@id":"https:\/\/elbiblionauta.com\/ca\/2018\/09\/07\/ciencia-ficcio-i-fantasia-a-les-aules-iii-la-dignificacio-del-genere-en-els-estudis-postobligatoris\/#primaryimage"},"image":{"@id":"https:\/\/elbiblionauta.com\/ca\/2018\/09\/07\/ciencia-ficcio-i-fantasia-a-les-aules-iii-la-dignificacio-del-genere-en-els-estudis-postobligatoris\/#primaryimage"},"thumbnailUrl":"https:\/\/elbiblionauta.com\/ca\/wp-content\/uploads\/2018\/07\/shutterstock_59912746.jpg","datePublished":"2018-09-07T06:00:09+00:00","dateModified":"2022-10-18T05:52:13+00:00","breadcrumb":{"@id":"https:\/\/elbiblionauta.com\/ca\/2018\/09\/07\/ciencia-ficcio-i-fantasia-a-les-aules-iii-la-dignificacio-del-genere-en-els-estudis-postobligatoris\/#breadcrumb"},"inLanguage":"ca","potentialAction":[{"@type":"ReadAction","target":["https:\/\/elbiblionauta.com\/ca\/2018\/09\/07\/ciencia-ficcio-i-fantasia-a-les-aules-iii-la-dignificacio-del-genere-en-els-estudis-postobligatoris\/"]}]},{"@type":"ImageObject","inLanguage":"ca","@id":"https:\/\/elbiblionauta.com\/ca\/2018\/09\/07\/ciencia-ficcio-i-fantasia-a-les-aules-iii-la-dignificacio-del-genere-en-els-estudis-postobligatoris\/#primaryimage","url":"https:\/\/elbiblionauta.com\/ca\/wp-content\/uploads\/2018\/07\/shutterstock_59912746.jpg","contentUrl":"https:\/\/elbiblionauta.com\/ca\/wp-content\/uploads\/2018\/07\/shutterstock_59912746.jpg"},{"@type":"BreadcrumbList","@id":"https:\/\/elbiblionauta.com\/ca\/2018\/09\/07\/ciencia-ficcio-i-fantasia-a-les-aules-iii-la-dignificacio-del-genere-en-els-estudis-postobligatoris\/#breadcrumb","itemListElement":[{"@type":"ListItem","position":1,"name":"Inici","item":"https:\/\/elbiblionauta.com\/ca\/"},{"@type":"ListItem","position":2,"name":"Ci\u00e8ncia-ficci\u00f3 i fantasia a les aules (III). La dignificaci\u00f3 del g\u00e8nere en els estudis postobligatoris"}]},{"@type":"WebSite","@id":"https:\/\/elbiblionauta.com\/ca\/#website","url":"https:\/\/elbiblionauta.com\/ca\/","name":"El Biblionauta","description":"El teu portal de literatura fant\u00e0stica en catal\u00e0.","publisher":{"@id":"https:\/\/elbiblionauta.com\/ca\/#organization"},"potentialAction":[{"@type":"SearchAction","target":{"@type":"EntryPoint","urlTemplate":"https:\/\/elbiblionauta.com\/ca\/?s={search_term_string}"},"query-input":{"@type":"PropertyValueSpecification","valueRequired":true,"valueName":"search_term_string"}}],"inLanguage":"ca"},{"@type":"Organization","@id":"https:\/\/elbiblionauta.com\/ca\/#organization","name":"El Biblionauta","url":"https:\/\/elbiblionauta.com\/ca\/","logo":{"@type":"ImageObject","inLanguage":"ca","@id":"https:\/\/elbiblionauta.com\/ca\/#\/schema\/logo\/image\/","url":"https:\/\/elbiblionauta.com\/ca\/wp-content\/uploads\/2022\/04\/logo-biblio2.png","contentUrl":"https:\/\/elbiblionauta.com\/ca\/wp-content\/uploads\/2022\/04\/logo-biblio2.png","width":120,"height":120,"caption":"El Biblionauta"},"image":{"@id":"https:\/\/elbiblionauta.com\/ca\/#\/schema\/logo\/image\/"},"sameAs":["https:\/\/www.facebook.com\/ElBiblionauta","https:\/\/x.com\/ElBiblionauta"]},{"@type":"Person","@id":"https:\/\/elbiblionauta.com\/ca\/#\/schema\/person\/160d3487a7f8519ad10540adacbbec31","name":"Daniel Gen\u00eds","image":{"@type":"ImageObject","inLanguage":"ca","@id":"https:\/\/elbiblionauta.com\/ca\/wp-content\/uploads\/2022\/12\/dgenis23-100x100.png","url":"https:\/\/elbiblionauta.com\/ca\/wp-content\/uploads\/2022\/12\/dgenis23-100x100.png","contentUrl":"https:\/\/elbiblionauta.com\/ca\/wp-content\/uploads\/2022\/12\/dgenis23-100x100.png","caption":"Daniel Gen\u00eds"},"description":"Doctor en literatura. Professor de catal\u00e0. Culturalment dispers. Exdirector de la col\u00b7lecci\u00f3 \"Ci\u00e8ncia-Ficci\u00f3\" de Pag\u00e8s Editors, actualment fa d'assessor a \"L'Arc\u00e0\" de Laertes. \u00c9s l'editor en cap de El Biblionauta.","sameAs":["http:\/\/danielgenis.cat\/","https:\/\/www.facebook.com\/dgmas","https:\/\/x.com\/https:\/\/twitter.com\/DanielGenis"],"url":"https:\/\/elbiblionauta.com\/ca\/author\/dgenis\/"}]}},"jetpack_publicize_connections":[],"jetpack_featured_media_url":"","jetpack_sharing_enabled":true,"jetpack_likes_enabled":false,"jetpack_shortlink":"https:\/\/wp.me\/p5gpck-5CR","_links":{"self":[{"href":"https:\/\/elbiblionauta.com\/ca\/wp-json\/wp\/v2\/posts\/21629","targetHints":{"allow":["GET"]}}],"collection":[{"href":"https:\/\/elbiblionauta.com\/ca\/wp-json\/wp\/v2\/posts"}],"about":[{"href":"https:\/\/elbiblionauta.com\/ca\/wp-json\/wp\/v2\/types\/post"}],"author":[{"embeddable":true,"href":"https:\/\/elbiblionauta.com\/ca\/wp-json\/wp\/v2\/users\/1"}],"replies":[{"embeddable":true,"href":"https:\/\/elbiblionauta.com\/ca\/wp-json\/wp\/v2\/comments?post=21629"}],"version-history":[{"count":0,"href":"https:\/\/elbiblionauta.com\/ca\/wp-json\/wp\/v2\/posts\/21629\/revisions"}],"wp:attachment":[{"href":"https:\/\/elbiblionauta.com\/ca\/wp-json\/wp\/v2\/media?parent=21629"}],"wp:term":[{"taxonomy":"category","embeddable":true,"href":"https:\/\/elbiblionauta.com\/ca\/wp-json\/wp\/v2\/categories?post=21629"},{"taxonomy":"post_tag","embeddable":true,"href":"https:\/\/elbiblionauta.com\/ca\/wp-json\/wp\/v2\/tags?post=21629"}],"curies":[{"name":"wp","href":"https:\/\/api.w.org\/{rel}","templated":true}]}}