{"id":21499,"date":"2016-04-01T23:48:39","date_gmt":"2016-04-01T21:48:39","guid":{"rendered":"http:\/\/elbiblionauta.com\/ca\/?p=21499"},"modified":"2021-09-03T22:49:04","modified_gmt":"2021-09-03T20:49:04","slug":"festi-de-corbs-2005-dansa-amb-dracs-2011-george-r-r-martin-2","status":"publish","type":"post","link":"https:\/\/elbiblionauta.com\/ca\/2016\/04\/01\/festi-de-corbs-2005-dansa-amb-dracs-2011-george-r-r-martin-2\/","title":{"rendered":"DANSA AMB DRACS (2011) &#8211; George R. R. Martin"},"content":{"rendered":"\t\t<div data-elementor-type=\"wp-post\" data-elementor-id=\"21499\" class=\"elementor elementor-21499\" data-elementor-post-type=\"post\">\n\t\t\t\t\t\t<section class=\"elementor-section elementor-top-section elementor-element elementor-element-3dd71093 elementor-section-boxed elementor-section-height-default elementor-section-height-default\" data-id=\"3dd71093\" data-element_type=\"section\" data-e-type=\"section\">\n\t\t\t\t\t\t<div class=\"elementor-container elementor-column-gap-default\">\n\t\t\t\t\t<div class=\"elementor-column elementor-col-100 elementor-top-column elementor-element elementor-element-25859f95\" data-id=\"25859f95\" data-element_type=\"column\" data-e-type=\"column\">\n\t\t\t<div class=\"elementor-widget-wrap elementor-element-populated\">\n\t\t\t\t\t\t<div class=\"elementor-element elementor-element-24ec9e2f elementor-widget elementor-widget-heading\" data-id=\"24ec9e2f\" data-element_type=\"widget\" data-e-type=\"widget\" data-widget_type=\"heading.default\">\n\t\t\t\t<div class=\"elementor-widget-container\">\n\t\t\t\t\t<h3 class=\"elementor-heading-title elementor-size-default\">RESSENYA<\/h3>\t\t\t\t<\/div>\n\t\t\t\t<\/div>\n\t\t\t\t<div class=\"elementor-element elementor-element-5cbfcb7c elementor-widget elementor-widget-heading\" data-id=\"5cbfcb7c\" data-element_type=\"widget\" data-e-type=\"widget\" data-widget_type=\"heading.default\">\n\t\t\t\t<div class=\"elementor-widget-container\">\n\t\t\t\t\t<h1 class=\"elementor-heading-title elementor-size-default\">DANSA AMB DRACS (2011) \u2013 George R. R. Martin\n<\/h1>\t\t\t\t<\/div>\n\t\t\t\t<\/div>\n\t\t\t\t<div class=\"elementor-element elementor-element-1ababf73 elementor-widget elementor-widget-text-editor\" data-id=\"1ababf73\" data-element_type=\"widget\" data-e-type=\"widget\" data-widget_type=\"text-editor.default\">\n\t\t\t\t<div class=\"elementor-widget-container\">\n\t\t\t\t\t\t\t\t\t<p>Una ressenya doble per a una hist\u00f2ria&#8230; colossal.<\/p>\t\t\t\t\t\t\t\t<\/div>\n\t\t\t\t<\/div>\n\t\t\t\t<section class=\"elementor-section elementor-inner-section elementor-element elementor-element-4cdb5856 elementor-section-boxed elementor-section-height-default elementor-section-height-default\" data-id=\"4cdb5856\" data-element_type=\"section\" data-e-type=\"section\">\n\t\t\t\t\t\t<div class=\"elementor-container elementor-column-gap-default\">\n\t\t\t\t\t<div class=\"elementor-column elementor-col-50 elementor-inner-column elementor-element elementor-element-7abe781e\" data-id=\"7abe781e\" data-element_type=\"column\" data-e-type=\"column\">\n\t\t\t<div class=\"elementor-widget-wrap elementor-element-populated\">\n\t\t\t\t\t\t<div class=\"elementor-element elementor-element-7f89cc66 elementor-author-box--avatar-yes elementor-author-box--name-yes elementor-author-box--link-no elementor-widget elementor-widget-author-box\" data-id=\"7f89cc66\" data-element_type=\"widget\" data-e-type=\"widget\" data-widget_type=\"author-box.default\">\n\t\t\t\t<div class=\"elementor-widget-container\">\n\t\t\t\t\t\t\t<div class=\"elementor-author-box\">\n\t\t\t\t\t\t\t<a href=\"https:\/\/elbiblionauta.com\/ca\/author\/dgenis\/\" class=\"elementor-author-box__avatar\">\n\t\t\t\t\t<img decoding=\"async\" src=\"https:\/\/elbiblionauta.com\/ca\/wp-content\/uploads\/2022\/12\/dgenis23-300x300.png\" alt=\"Picture of Daniel Gen\u00eds\" loading=\"lazy\"\/>\n\t\t\t\t<\/a>\n\t\t\t\n\t\t\t<div class=\"elementor-author-box__text\">\n\t\t\t\t\t\t\t\t\t<a href=\"https:\/\/elbiblionauta.com\/ca\/author\/dgenis\/\">\n\t\t\t\t\t\t<h1 class=\"elementor-author-box__name\">\n\t\t\t\t\t\t\tDaniel Gen\u00eds\t\t\t\t\t\t<\/h1>\n\t\t\t\t\t<\/a>\n\t\t\t\t\n\t\t\t\t\n\t\t\t\t\t\t\t<\/div>\n\t\t<\/div>\n\t\t\t\t\t\t<\/div>\n\t\t\t\t<\/div>\n\t\t\t\t<div class=\"elementor-element elementor-element-1355392c elementor-widget elementor-widget-post-info\" data-id=\"1355392c\" data-element_type=\"widget\" data-e-type=\"widget\" data-widget_type=\"post-info.default\">\n\t\t\t\t<div class=\"elementor-widget-container\">\n\t\t\t\t\t\t\t<ul class=\"elementor-inline-items elementor-icon-list-items elementor-post-info\">\n\t\t\t\t\t\t\t\t<li class=\"elementor-icon-list-item elementor-repeater-item-9ac5e8c elementor-inline-item\" itemprop=\"datePublished\">\n\t\t\t\t\t\t<a href=\"https:\/\/elbiblionauta.com\/ca\/2016\/04\/01\/\">\n\t\t\t\t\t\t\t\t\t\t\t<span class=\"elementor-icon-list-icon\">\n\t\t\t\t\t\t\t\t<i aria-hidden=\"true\" class=\"far fa-clock\"><\/i>\t\t\t\t\t\t\t<\/span>\n\t\t\t\t\t\t\t\t\t<span class=\"elementor-icon-list-text elementor-post-info__item elementor-post-info__item--type-date\">\n\t\t\t\t\t\t\t\t\t\t<time> 1 d'abril de 2016<\/time>\t\t\t\t\t<\/span>\n\t\t\t\t\t\t\t\t\t<\/a>\n\t\t\t\t<\/li>\n\t\t\t\t<li class=\"elementor-icon-list-item elementor-repeater-item-0970ca3 elementor-inline-item\" itemprop=\"commentCount\">\n\t\t\t\t\t\t<a href=\"https:\/\/elbiblionauta.com\/ca\/2016\/04\/01\/festi-de-corbs-2005-dansa-amb-dracs-2011-george-r-r-martin-2\/#respond\">\n\t\t\t\t\t\t\t\t\t\t\t<span class=\"elementor-icon-list-icon\">\n\t\t\t\t\t\t\t\t<i aria-hidden=\"true\" class=\"far fa-comment-dots\"><\/i>\t\t\t\t\t\t\t<\/span>\n\t\t\t\t\t\t\t\t\t<span class=\"elementor-icon-list-text elementor-post-info__item elementor-post-info__item--type-comments\">\n\t\t\t\t\t\t\t\t\t\tSense comentaris\t\t\t\t\t<\/span>\n\t\t\t\t\t\t\t\t\t<\/a>\n\t\t\t\t<\/li>\n\t\t\t\t<\/ul>\n\t\t\t\t\t\t<\/div>\n\t\t\t\t<\/div>\n\t\t\t\t\t<\/div>\n\t\t<\/div>\n\t\t\t\t<div class=\"elementor-column elementor-col-50 elementor-inner-column elementor-element elementor-element-4da5a900\" data-id=\"4da5a900\" data-element_type=\"column\" data-e-type=\"column\">\n\t\t\t<div class=\"elementor-widget-wrap elementor-element-populated\">\n\t\t\t\t\t\t<div class=\"elementor-element elementor-element-553eaea5 elementor-share-buttons--view-icon elementor-share-buttons--shape-circle elementor-share-buttons--align-right elementor-share-buttons-mobile--align-right elementor-hidden-phone elementor-share-buttons--skin-gradient elementor-grid-0 elementor-share-buttons--color-official elementor-widget elementor-widget-share-buttons\" data-id=\"553eaea5\" data-element_type=\"widget\" data-e-type=\"widget\" data-widget_type=\"share-buttons.default\">\n\t\t\t\t<div class=\"elementor-widget-container\">\n\t\t\t\t\t\t\t<div class=\"elementor-grid\" role=\"list\">\n\t\t\t\t\t\t\t\t<div class=\"elementor-grid-item\" role=\"listitem\">\n\t\t\t\t\t\t<div class=\"elementor-share-btn elementor-share-btn_facebook\" role=\"button\" tabindex=\"0\" aria-label=\"Compartici\u00f3 en facebook\">\n\t\t\t\t\t\t\t\t\t\t\t\t\t\t\t<span class=\"elementor-share-btn__icon\">\n\t\t\t\t\t\t\t\t<i class=\"fab fa-facebook\" aria-hidden=\"true\"><\/i>\t\t\t\t\t\t\t<\/span>\n\t\t\t\t\t\t\t\t\t\t\t\t\t\t\t\t\t\t\t\t<\/div>\n\t\t\t\t\t<\/div>\n\t\t\t\t\t\t\t\t\t<div class=\"elementor-grid-item\" role=\"listitem\">\n\t\t\t\t\t\t<div class=\"elementor-share-btn elementor-share-btn_twitter\" role=\"button\" tabindex=\"0\" aria-label=\"Compartici\u00f3 en twitter\">\n\t\t\t\t\t\t\t\t\t\t\t\t\t\t\t<span class=\"elementor-share-btn__icon\">\n\t\t\t\t\t\t\t\t<i class=\"fab fa-twitter\" aria-hidden=\"true\"><\/i>\t\t\t\t\t\t\t<\/span>\n\t\t\t\t\t\t\t\t\t\t\t\t\t\t\t\t\t\t\t\t<\/div>\n\t\t\t\t\t<\/div>\n\t\t\t\t\t\t\t\t\t<div class=\"elementor-grid-item\" role=\"listitem\">\n\t\t\t\t\t\t<div class=\"elementor-share-btn elementor-share-btn_whatsapp\" role=\"button\" tabindex=\"0\" aria-label=\"Compartici\u00f3 en whatsapp\">\n\t\t\t\t\t\t\t\t\t\t\t\t\t\t\t<span class=\"elementor-share-btn__icon\">\n\t\t\t\t\t\t\t\t<i class=\"fab fa-whatsapp\" aria-hidden=\"true\"><\/i>\t\t\t\t\t\t\t<\/span>\n\t\t\t\t\t\t\t\t\t\t\t\t\t\t\t\t\t\t\t\t<\/div>\n\t\t\t\t\t<\/div>\n\t\t\t\t\t\t\t\t\t<div class=\"elementor-grid-item\" role=\"listitem\">\n\t\t\t\t\t\t<div class=\"elementor-share-btn elementor-share-btn_email\" role=\"button\" tabindex=\"0\" aria-label=\"Compartici\u00f3 en email\">\n\t\t\t\t\t\t\t\t\t\t\t\t\t\t\t<span class=\"elementor-share-btn__icon\">\n\t\t\t\t\t\t\t\t<i class=\"fas fa-envelope\" aria-hidden=\"true\"><\/i>\t\t\t\t\t\t\t<\/span>\n\t\t\t\t\t\t\t\t\t\t\t\t\t\t\t\t\t\t\t\t<\/div>\n\t\t\t\t\t<\/div>\n\t\t\t\t\t\t\t\t\t<div class=\"elementor-grid-item\" role=\"listitem\">\n\t\t\t\t\t\t<div class=\"elementor-share-btn elementor-share-btn_print\" role=\"button\" tabindex=\"0\" aria-label=\"Compartici\u00f3 en print\">\n\t\t\t\t\t\t\t\t\t\t\t\t\t\t\t<span class=\"elementor-share-btn__icon\">\n\t\t\t\t\t\t\t\t<i class=\"fas fa-print\" aria-hidden=\"true\"><\/i>\t\t\t\t\t\t\t<\/span>\n\t\t\t\t\t\t\t\t\t\t\t\t\t\t\t\t\t\t\t\t<\/div>\n\t\t\t\t\t<\/div>\n\t\t\t\t\t\t<\/div>\n\t\t\t\t\t\t<\/div>\n\t\t\t\t<\/div>\n\t\t\t\t\t<\/div>\n\t\t<\/div>\n\t\t\t\t\t<\/div>\n\t\t<\/section>\n\t\t\t\t\t<\/div>\n\t\t<\/div>\n\t\t\t\t\t<\/div>\n\t\t<\/section>\n\t\t\t\t<section class=\"elementor-section elementor-top-section elementor-element elementor-element-68fdb40b elementor-section-boxed elementor-section-height-default elementor-section-height-default\" data-id=\"68fdb40b\" data-element_type=\"section\" data-e-type=\"section\">\n\t\t\t\t\t\t<div class=\"elementor-container elementor-column-gap-default\">\n\t\t\t\t\t<div class=\"elementor-column elementor-col-100 elementor-top-column elementor-element elementor-element-638f04d3\" data-id=\"638f04d3\" data-element_type=\"column\" data-e-type=\"column\">\n\t\t\t<div class=\"elementor-widget-wrap elementor-element-populated\">\n\t\t\t\t\t\t<div class=\"elementor-element elementor-element-75d21ad4 elementor-widget-divider--view-line elementor-widget elementor-widget-divider\" data-id=\"75d21ad4\" data-element_type=\"widget\" data-e-type=\"widget\" data-widget_type=\"divider.default\">\n\t\t\t\t<div class=\"elementor-widget-container\">\n\t\t\t\t\t\t\t<div class=\"elementor-divider\">\n\t\t\t<span class=\"elementor-divider-separator\">\n\t\t\t\t\t\t<\/span>\n\t\t<\/div>\n\t\t\t\t\t\t<\/div>\n\t\t\t\t<\/div>\n\t\t\t\t\t<\/div>\n\t\t<\/div>\n\t\t\t\t\t<\/div>\n\t\t<\/section>\n\t\t\t\t<section class=\"elementor-section elementor-top-section elementor-element elementor-element-72974da2 elementor-section-boxed elementor-section-height-default elementor-section-height-default\" data-id=\"72974da2\" data-element_type=\"section\" data-e-type=\"section\">\n\t\t\t\t\t\t<div class=\"elementor-container elementor-column-gap-default\">\n\t\t\t\t\t<div class=\"elementor-column elementor-col-33 elementor-top-column elementor-element elementor-element-61fb8fa4\" data-id=\"61fb8fa4\" data-element_type=\"column\" data-e-type=\"column\">\n\t\t\t<div class=\"elementor-widget-wrap elementor-element-populated\">\n\t\t\t\t\t\t<div class=\"elementor-element elementor-element-2edcd43 elementor-widget elementor-widget-image\" data-id=\"2edcd43\" data-element_type=\"widget\" data-e-type=\"widget\" data-widget_type=\"image.default\">\n\t\t\t\t<div class=\"elementor-widget-container\">\n\t\t\t\t\t\t\t\t\t\t\t\t\t\t\t<img fetchpriority=\"high\" decoding=\"async\" width=\"664\" height=\"1024\" src=\"https:\/\/elbiblionauta.com\/ca\/wp-content\/uploads\/2016\/04\/festi-de-corbs.jpg\" class=\"attachment-large size-large wp-image-19844\" alt=\"\" \/>\t\t\t\t\t\t\t\t\t\t\t\t\t\t\t<\/div>\n\t\t\t\t<\/div>\n\t\t\t\t<div class=\"elementor-element elementor-element-3629bec elementor-widget elementor-widget-text-editor\" data-id=\"3629bec\" data-element_type=\"widget\" data-e-type=\"widget\" data-widget_type=\"text-editor.default\">\n\t\t\t\t<div class=\"elementor-widget-container\">\n\t\t\t\t\t\t\t\t\t<div style=\"text-align: justify;\"><strong>Autor<\/strong>: George R. R. Martin<\/div><div style=\"text-align: justify;\"><strong>T\u00edtol<\/strong>: Fest\u00ed de Corbs (A Feast for Crows)<\/div><div style=\"text-align: justify;\"><strong>Editorial<\/strong>: Alfaguara<\/div><div style=\"text-align: justify;\"><strong>Any<\/strong>: 2012 (2005)<\/div><div style=\"text-align: justify;\"><strong>P\u00e0gines<\/strong>: 832<\/div><div style=\"text-align: justify;\"><div><strong>ISBN<\/strong>:\u00a09788420409832<\/div><\/div>\t\t\t\t\t\t\t\t<\/div>\n\t\t\t\t<\/div>\n\t\t\t\t<div class=\"elementor-element elementor-element-3a75771 elementor-widget elementor-widget-image\" data-id=\"3a75771\" data-element_type=\"widget\" data-e-type=\"widget\" data-widget_type=\"image.default\">\n\t\t\t\t<div class=\"elementor-widget-container\">\n\t\t\t\t\t\t\t\t\t\t\t\t\t\t\t<img decoding=\"async\" width=\"662\" height=\"1024\" src=\"https:\/\/elbiblionauta.com\/ca\/wp-content\/uploads\/2016\/04\/dansa-amb-dracs.jpg\" class=\"attachment-large size-large wp-image-19843\" alt=\"\" \/>\t\t\t\t\t\t\t\t\t\t\t\t\t\t\t<\/div>\n\t\t\t\t<\/div>\n\t\t\t\t<div class=\"elementor-element elementor-element-5f893b0 elementor-widget elementor-widget-text-editor\" data-id=\"5f893b0\" data-element_type=\"widget\" data-e-type=\"widget\" data-widget_type=\"text-editor.default\">\n\t\t\t\t<div class=\"elementor-widget-container\">\n\t\t\t\t\t\t\t\t\t<div style=\"text-align: justify;\"><div><strong>Autor<\/strong>: George R. R. Martin<\/div><div><strong>T\u00edtol<\/strong>: Dansa amb dracs (A Dance with<\/div><div>Dragons)<\/div><div><strong>Editorial<\/strong>: Alfaguara<\/div><div><strong>Any<\/strong>: 2012 (2011)<\/div><div><strong>P\u00e0gines<\/strong>: 1200<\/div><div><div><strong>ISBN<\/strong>:\u00a09788420409849<\/div><\/div><\/div>\t\t\t\t\t\t\t\t<\/div>\n\t\t\t\t<\/div>\n\t\t\t\t<div class=\"elementor-element elementor-element-2b245de4 elementor-widget elementor-widget-spacer\" data-id=\"2b245de4\" data-element_type=\"widget\" data-e-type=\"widget\" data-widget_type=\"spacer.default\">\n\t\t\t\t<div class=\"elementor-widget-container\">\n\t\t\t\t\t\t\t<div class=\"elementor-spacer\">\n\t\t\t<div class=\"elementor-spacer-inner\"><\/div>\n\t\t<\/div>\n\t\t\t\t\t\t<\/div>\n\t\t\t\t<\/div>\n\t\t\t\t<div class=\"elementor-element elementor-element-60b252a1 elementor-hidden-phone elementor-widget elementor-widget-text-editor\" data-id=\"60b252a1\" data-element_type=\"widget\" data-e-type=\"widget\" data-widget_type=\"text-editor.default\">\n\t\t\t\t<div class=\"elementor-widget-container\">\n\t\t\t\t\t\t\t\t\t<div><span style=\"font-size: 12pt;\"><b>L&#8217;has llegit? <\/b><\/span><\/div>\n<div><span style=\"font-size: 12pt;\"><b>Valora&#8217;l<sup>*<\/sup>:<\/b><\/span><\/div>\n<div><\/div>\n<div><span id=\"post-ratings-21499\" class=\"post-ratings\"><p style=\"text-align: center\"><span style=\"font-size: 8pt\"><img decoding=\"async\" src=\"https:\/\/elbiblionauta.com\/ca\/wp-content\/plugins\/wp-postratings\/images\/stars_crystal\/rating_off.gif\" alt=\"0 votes, average: 0,00 out of 5\" title=\"0 votes, average: 0,00 out of 5\" class=\"post-ratings-image\" \/><img decoding=\"async\" src=\"https:\/\/elbiblionauta.com\/ca\/wp-content\/plugins\/wp-postratings\/images\/stars_crystal\/rating_off.gif\" alt=\"0 votes, average: 0,00 out of 5\" title=\"0 votes, average: 0,00 out of 5\" class=\"post-ratings-image\" \/><img decoding=\"async\" src=\"https:\/\/elbiblionauta.com\/ca\/wp-content\/plugins\/wp-postratings\/images\/stars_crystal\/rating_off.gif\" alt=\"0 votes, average: 0,00 out of 5\" title=\"0 votes, average: 0,00 out of 5\" class=\"post-ratings-image\" \/><img decoding=\"async\" src=\"https:\/\/elbiblionauta.com\/ca\/wp-content\/plugins\/wp-postratings\/images\/stars_crystal\/rating_off.gif\" alt=\"0 votes, average: 0,00 out of 5\" title=\"0 votes, average: 0,00 out of 5\" class=\"post-ratings-image\" \/><img decoding=\"async\" src=\"https:\/\/elbiblionauta.com\/ca\/wp-content\/plugins\/wp-postratings\/images\/stars_crystal\/rating_off.gif\" alt=\"0 votes, average: 0,00 out of 5\" title=\"0 votes, average: 0,00 out of 5\" class=\"post-ratings-image\" \/> Vots emesos: <em><strong>0.<\/strong>Mitjana: <strong>0,00<\/strong> sobre 5.<\/em><em>*Has d&#8217;<a href=\"https:\/\/elbiblionauta.com\/ca\/wp-login\/\" target=\"_self\" rel=\"noopener\">iniciar sessi\u00f3<\/a>.<\/em><\/span><\/p><\/span><span id=\"post-ratings-21499-loading\" class=\"post-ratings-loading\"><img decoding=\"async\" src=\"https:\/\/elbiblionauta.com\/ca\/wp-content\/plugins\/wp-postratings\/images\/loading.gif\" width=\"16\" height=\"16\" class=\"post-ratings-image\" \/>Loading&#8230;<\/span><\/div>\t\t\t\t\t\t\t\t<\/div>\n\t\t\t\t<\/div>\n\t\t\t\t<div class=\"elementor-element elementor-element-358d53fd elementor-hidden-phone elementor-widget elementor-widget-spacer\" data-id=\"358d53fd\" data-element_type=\"widget\" data-e-type=\"widget\" data-widget_type=\"spacer.default\">\n\t\t\t\t<div class=\"elementor-widget-container\">\n\t\t\t\t\t\t\t<div class=\"elementor-spacer\">\n\t\t\t<div class=\"elementor-spacer-inner\"><\/div>\n\t\t<\/div>\n\t\t\t\t\t\t<\/div>\n\t\t\t\t<\/div>\n\t\t\t\t<div class=\"elementor-element elementor-element-7daf3e9 elementor-hidden-phone elementor-widget-divider--view-line elementor-widget elementor-widget-divider\" data-id=\"7daf3e9\" data-element_type=\"widget\" data-e-type=\"widget\" data-widget_type=\"divider.default\">\n\t\t\t\t<div class=\"elementor-widget-container\">\n\t\t\t\t\t\t\t<div class=\"elementor-divider\">\n\t\t\t<span class=\"elementor-divider-separator\">\n\t\t\t\t\t\t<\/span>\n\t\t<\/div>\n\t\t\t\t\t\t<\/div>\n\t\t\t\t<\/div>\n\t\t\t\t<div class=\"elementor-element elementor-element-56c646ec elementor-hidden-phone elementor-widget elementor-widget-text-editor\" data-id=\"56c646ec\" data-element_type=\"widget\" data-e-type=\"widget\" data-widget_type=\"text-editor.default\">\n\t\t\t\t<div class=\"elementor-widget-container\">\n\t\t\t\t\t\t\t\t\t<blockquote><p><strong>Per als homes, el temps \u00e9s un riu. Estem atrapats en el seu corrent; ens precipitem del passat al present, sempre en la mateixa direcci\u00f3. Les vides dels arbres s\u00f3n diferents. Arrelen i creixen i moren en el mateix lloc, i aquest riu no els arrossega.<\/strong><\/p><\/blockquote>\t\t\t\t\t\t\t\t<\/div>\n\t\t\t\t<\/div>\n\t\t\t\t<div class=\"elementor-element elementor-element-a6df2b8 elementor-hidden-phone elementor-widget-divider--view-line elementor-widget elementor-widget-divider\" data-id=\"a6df2b8\" data-element_type=\"widget\" data-e-type=\"widget\" data-widget_type=\"divider.default\">\n\t\t\t\t<div class=\"elementor-widget-container\">\n\t\t\t\t\t\t\t<div class=\"elementor-divider\">\n\t\t\t<span class=\"elementor-divider-separator\">\n\t\t\t\t\t\t<\/span>\n\t\t<\/div>\n\t\t\t\t\t\t<\/div>\n\t\t\t\t<\/div>\n\t\t\t\t<div class=\"elementor-element elementor-element-11dcf1e elementor-hidden-phone elementor-widget elementor-widget-spacer\" data-id=\"11dcf1e\" data-element_type=\"widget\" data-e-type=\"widget\" data-widget_type=\"spacer.default\">\n\t\t\t\t<div class=\"elementor-widget-container\">\n\t\t\t\t\t\t\t<div class=\"elementor-spacer\">\n\t\t\t<div class=\"elementor-spacer-inner\"><\/div>\n\t\t<\/div>\n\t\t\t\t\t\t<\/div>\n\t\t\t\t<\/div>\n\t\t\t\t<div class=\"elementor-element elementor-element-7de69741 elementor-hidden-phone elementor-widget-divider--view-line elementor-widget elementor-widget-divider\" data-id=\"7de69741\" data-element_type=\"widget\" data-e-type=\"widget\" data-widget_type=\"divider.default\">\n\t\t\t\t<div class=\"elementor-widget-container\">\n\t\t\t\t\t\t\t<div class=\"elementor-divider\">\n\t\t\t<span class=\"elementor-divider-separator\">\n\t\t\t\t\t\t<\/span>\n\t\t<\/div>\n\t\t\t\t\t\t<\/div>\n\t\t\t\t<\/div>\n\t\t\t\t<div class=\"elementor-element elementor-element-a990d6a elementor-hidden-phone elementor-widget elementor-widget-text-editor\" data-id=\"a990d6a\" data-element_type=\"widget\" data-e-type=\"widget\" data-widget_type=\"text-editor.default\">\n\t\t\t\t<div class=\"elementor-widget-container\">\n\t\t\t\t\t\t\t\t\t<blockquote><p><strong>Aix\u00ed eren les coses en aquell m\u00f3n fred, on els homes pescaven al mar, cavaven a la terra i morien, mentre les dones parien nens de vida breu en llits de sang i dolor.<\/strong><\/p><\/blockquote>\t\t\t\t\t\t\t\t<\/div>\n\t\t\t\t<\/div>\n\t\t\t\t<div class=\"elementor-element elementor-element-7ee13e8b elementor-hidden-phone elementor-widget-divider--view-line elementor-widget elementor-widget-divider\" data-id=\"7ee13e8b\" data-element_type=\"widget\" data-e-type=\"widget\" data-widget_type=\"divider.default\">\n\t\t\t\t<div class=\"elementor-widget-container\">\n\t\t\t\t\t\t\t<div class=\"elementor-divider\">\n\t\t\t<span class=\"elementor-divider-separator\">\n\t\t\t\t\t\t<\/span>\n\t\t<\/div>\n\t\t\t\t\t\t<\/div>\n\t\t\t\t<\/div>\n\t\t\t\t\t<\/div>\n\t\t<\/div>\n\t\t\t\t<div class=\"elementor-column elementor-col-33 elementor-top-column elementor-element elementor-element-20765856\" data-id=\"20765856\" data-element_type=\"column\" data-e-type=\"column\">\n\t\t\t<div class=\"elementor-widget-wrap elementor-element-populated\">\n\t\t\t\t\t\t<div class=\"elementor-element elementor-element-7fd7ae3 elementor-widget elementor-widget-text-editor\" data-id=\"7fd7ae3\" data-element_type=\"widget\" data-e-type=\"widget\" data-widget_type=\"text-editor.default\">\n\t\t\t\t<div class=\"elementor-widget-container\">\n\t\t\t\t\t\t\t\t\t<p style=\"text-align: left;\">Tal i com han fet altres en ressenyar els dos \u00faltims volums publicats fins ara de la <a href=\"https:\/\/elbiblionauta.com\/ca\/tag\/canco-de-gel-i-foc\/\" target=\"_blank\" rel=\"noopener\">Can\u00e7\u00f3 de gel i foc<\/a> de <strong><a href=\"http:\/\/ca.wikipedia.org\/wiki\/George_R.R._Martin\" target=\"_blank\" rel=\"noopener\">George R. R. Martin<\/a><\/strong>, <strong>m&#8217;he decidit per fer una ressenya doble que inclogui tant el quart volum, <em>Fest\u00ed de Corbs<\/em>, com el cinqu\u00e8, <em>Dansa amb dracs<\/em><\/strong>. I tamb\u00e9, seguint les indicacions d&#8217;algunes p\u00e0gines d&#8217;internet, <strong>he optat per una lectura simult\u00e0nia dels dos llibres, alternant cap\u00edtols ara d&#8217;un ara de l&#8217;altre segons les guies de lectures que es poden trobar arreu<\/strong>. El resultat: una aut\u00e8ntica gimcana liter\u00e0ria.<\/p><\/div><\/div><\/div><\/div><\/div><\/section><\/div> <a href=\"https:\/\/elbiblionauta.com\/ca\/2021\/11\/30\/ubik-1969-philip-k-dick\/#more-8271\" class=\"more-link elementor-more-link\"><span aria-label=\"Continua llegint UBIK (1969) &#8211; Philip K. Dick\">(m\u00e9s&hellip;)<\/span><\/a>","protected":false},"excerpt":{"rendered":"<p>RESSENYA DANSA AMB DRACS (2011) \u2013 George R. R. Martin Una ressenya doble per a una hist\u00f2ria&#8230; colossal. Share on facebook Share on twitter Share on whatsapp Share on email<\/p>\n","protected":false},"author":1,"featured_media":19843,"comment_status":"open","ping_status":"open","sticky":false,"template":"","format":"standard","meta":{"_jetpack_memberships_contains_paid_content":false,"footnotes":"","jetpack_publicize_message":"FEST\u00cd DE CORBS (2005) \/ DANSA AMB DRACS (2011) - George R. R. Martin","jetpack_publicize_feature_enabled":true,"jetpack_social_post_already_shared":true,"jetpack_social_options":{"image_generator_settings":{"template":"highway","default_image_id":0,"font":"","enabled":false},"version":2},"_links_to":"","_links_to_target":""},"categories":[257,473],"tags":[490,414,243],"class_list":["post-21499","post","type-post","status-publish","format-standard","has-post-thumbnail","hentry","category-fantasia","category-ressenya","tag-canco-de-gel-i-foc","tag-martin_george-r-r","tag-cfft-en-catala"],"yoast_head":"<!-- This site is optimized with the Yoast SEO plugin v27.5 - https:\/\/yoast.com\/product\/yoast-seo-wordpress\/ -->\n<title>DANSA AMB DRACS (2011) - George R. R. Martin | El Biblionauta<\/title>\n<meta name=\"robots\" content=\"index, follow, max-snippet:-1, max-image-preview:large, max-video-preview:-1\" \/>\n<link rel=\"canonical\" href=\"https:\/\/elbiblionauta.com\/ca\/2016\/04\/01\/festi-de-corbs-2005-dansa-amb-dracs-2011-george-r-r-martin-2\/\" \/>\n<meta property=\"og:locale\" content=\"ca_ES\" \/>\n<meta property=\"og:type\" content=\"article\" \/>\n<meta property=\"og:title\" content=\"DANSA AMB DRACS (2011) - George R. R. Martin | El Biblionauta\" \/>\n<meta property=\"og:description\" content=\"RESSENYA DANSA AMB DRACS (2011) \u2013 George R. R. Martin Una ressenya doble per a una hist\u00f2ria&#8230; colossal. Share on facebook Share on twitter Share on whatsapp Share on email\" \/>\n<meta property=\"og:url\" content=\"https:\/\/elbiblionauta.com\/ca\/2016\/04\/01\/festi-de-corbs-2005-dansa-amb-dracs-2011-george-r-r-martin-2\/\" \/>\n<meta property=\"og:site_name\" content=\"El Biblionauta\" \/>\n<meta property=\"article:publisher\" content=\"https:\/\/www.facebook.com\/ElBiblionauta\" \/>\n<meta property=\"article:author\" content=\"https:\/\/www.facebook.com\/dgmas\" \/>\n<meta property=\"article:published_time\" content=\"2016-04-01T21:48:39+00:00\" \/>\n<meta property=\"article:modified_time\" content=\"2021-09-03T20:49:04+00:00\" \/>\n<meta property=\"og:image\" content=\"https:\/\/elbiblionauta.com\/ca\/wp-content\/uploads\/2016\/04\/dansa-amb-dracs.jpg\" \/>\n\t<meta property=\"og:image:width\" content=\"1200\" \/>\n\t<meta property=\"og:image:height\" content=\"1856\" \/>\n\t<meta property=\"og:image:type\" content=\"image\/jpeg\" \/>\n<meta name=\"author\" content=\"Daniel Gen\u00eds\" \/>\n<meta name=\"twitter:card\" content=\"summary_large_image\" \/>\n<meta name=\"twitter:creator\" content=\"@https:\/\/twitter.com\/DanielGenis\" \/>\n<meta name=\"twitter:site\" content=\"@ElBiblionauta\" \/>\n<meta name=\"twitter:label1\" content=\"Escrit per\" \/>\n\t<meta name=\"twitter:data1\" content=\"Daniel Gen\u00eds\" \/>\n\t<meta name=\"twitter:label2\" content=\"Temps estimat de lectura\" \/>\n\t<meta name=\"twitter:data2\" content=\"17 minuts\" \/>\n<script type=\"application\/ld+json\" class=\"yoast-schema-graph\">{\"@context\":\"https:\\\/\\\/schema.org\",\"@graph\":[{\"@type\":\"Article\",\"@id\":\"https:\\\/\\\/elbiblionauta.com\\\/ca\\\/2016\\\/04\\\/01\\\/festi-de-corbs-2005-dansa-amb-dracs-2011-george-r-r-martin-2\\\/#article\",\"isPartOf\":{\"@id\":\"https:\\\/\\\/elbiblionauta.com\\\/ca\\\/2016\\\/04\\\/01\\\/festi-de-corbs-2005-dansa-amb-dracs-2011-george-r-r-martin-2\\\/\"},\"author\":{\"name\":\"Daniel Gen\u00eds\",\"@id\":\"https:\\\/\\\/elbiblionauta.com\\\/ca\\\/#\\\/schema\\\/person\\\/160d3487a7f8519ad10540adacbbec31\"},\"headline\":\"DANSA AMB DRACS (2011) &#8211; George R. R. Martin\",\"datePublished\":\"2016-04-01T21:48:39+00:00\",\"dateModified\":\"2021-09-03T20:49:04+00:00\",\"mainEntityOfPage\":{\"@id\":\"https:\\\/\\\/elbiblionauta.com\\\/ca\\\/2016\\\/04\\\/01\\\/festi-de-corbs-2005-dansa-amb-dracs-2011-george-r-r-martin-2\\\/\"},\"wordCount\":2470,\"commentCount\":0,\"publisher\":{\"@id\":\"https:\\\/\\\/elbiblionauta.com\\\/ca\\\/#organization\"},\"image\":{\"@id\":\"https:\\\/\\\/elbiblionauta.com\\\/ca\\\/2016\\\/04\\\/01\\\/festi-de-corbs-2005-dansa-amb-dracs-2011-george-r-r-martin-2\\\/#primaryimage\"},\"thumbnailUrl\":\"https:\\\/\\\/elbiblionauta.com\\\/ca\\\/wp-content\\\/uploads\\\/2016\\\/04\\\/dansa-amb-dracs.jpg\",\"keywords\":[\"Can\u00e7\u00f3 de gel i foc\",\"Martin_George R.R.\",\"Ressenya CiFiCat\"],\"articleSection\":[\"Fantasia\",\"Ressenya\"],\"inLanguage\":\"ca\",\"potentialAction\":[{\"@type\":\"CommentAction\",\"name\":\"Comment\",\"target\":[\"https:\\\/\\\/elbiblionauta.com\\\/ca\\\/2016\\\/04\\\/01\\\/festi-de-corbs-2005-dansa-amb-dracs-2011-george-r-r-martin-2\\\/#respond\"]}]},{\"@type\":\"WebPage\",\"@id\":\"https:\\\/\\\/elbiblionauta.com\\\/ca\\\/2016\\\/04\\\/01\\\/festi-de-corbs-2005-dansa-amb-dracs-2011-george-r-r-martin-2\\\/\",\"url\":\"https:\\\/\\\/elbiblionauta.com\\\/ca\\\/2016\\\/04\\\/01\\\/festi-de-corbs-2005-dansa-amb-dracs-2011-george-r-r-martin-2\\\/\",\"name\":\"DANSA AMB DRACS (2011) - George R. R. Martin | El Biblionauta\",\"isPartOf\":{\"@id\":\"https:\\\/\\\/elbiblionauta.com\\\/ca\\\/#website\"},\"primaryImageOfPage\":{\"@id\":\"https:\\\/\\\/elbiblionauta.com\\\/ca\\\/2016\\\/04\\\/01\\\/festi-de-corbs-2005-dansa-amb-dracs-2011-george-r-r-martin-2\\\/#primaryimage\"},\"image\":{\"@id\":\"https:\\\/\\\/elbiblionauta.com\\\/ca\\\/2016\\\/04\\\/01\\\/festi-de-corbs-2005-dansa-amb-dracs-2011-george-r-r-martin-2\\\/#primaryimage\"},\"thumbnailUrl\":\"https:\\\/\\\/elbiblionauta.com\\\/ca\\\/wp-content\\\/uploads\\\/2016\\\/04\\\/dansa-amb-dracs.jpg\",\"datePublished\":\"2016-04-01T21:48:39+00:00\",\"dateModified\":\"2021-09-03T20:49:04+00:00\",\"breadcrumb\":{\"@id\":\"https:\\\/\\\/elbiblionauta.com\\\/ca\\\/2016\\\/04\\\/01\\\/festi-de-corbs-2005-dansa-amb-dracs-2011-george-r-r-martin-2\\\/#breadcrumb\"},\"inLanguage\":\"ca\",\"potentialAction\":[{\"@type\":\"ReadAction\",\"target\":[\"https:\\\/\\\/elbiblionauta.com\\\/ca\\\/2016\\\/04\\\/01\\\/festi-de-corbs-2005-dansa-amb-dracs-2011-george-r-r-martin-2\\\/\"]}]},{\"@type\":\"ImageObject\",\"inLanguage\":\"ca\",\"@id\":\"https:\\\/\\\/elbiblionauta.com\\\/ca\\\/2016\\\/04\\\/01\\\/festi-de-corbs-2005-dansa-amb-dracs-2011-george-r-r-martin-2\\\/#primaryimage\",\"url\":\"https:\\\/\\\/elbiblionauta.com\\\/ca\\\/wp-content\\\/uploads\\\/2016\\\/04\\\/dansa-amb-dracs.jpg\",\"contentUrl\":\"https:\\\/\\\/elbiblionauta.com\\\/ca\\\/wp-content\\\/uploads\\\/2016\\\/04\\\/dansa-amb-dracs.jpg\",\"width\":1200,\"height\":1856},{\"@type\":\"BreadcrumbList\",\"@id\":\"https:\\\/\\\/elbiblionauta.com\\\/ca\\\/2016\\\/04\\\/01\\\/festi-de-corbs-2005-dansa-amb-dracs-2011-george-r-r-martin-2\\\/#breadcrumb\",\"itemListElement\":[{\"@type\":\"ListItem\",\"position\":1,\"name\":\"Inici\",\"item\":\"https:\\\/\\\/elbiblionauta.com\\\/ca\\\/\"},{\"@type\":\"ListItem\",\"position\":2,\"name\":\"DANSA AMB DRACS (2011) &#8211; George R. R. Martin\"}]},{\"@type\":\"WebSite\",\"@id\":\"https:\\\/\\\/elbiblionauta.com\\\/ca\\\/#website\",\"url\":\"https:\\\/\\\/elbiblionauta.com\\\/ca\\\/\",\"name\":\"El Biblionauta\",\"description\":\"El teu portal de literatura fant\u00e0stica en catal\u00e0.\",\"publisher\":{\"@id\":\"https:\\\/\\\/elbiblionauta.com\\\/ca\\\/#organization\"},\"potentialAction\":[{\"@type\":\"SearchAction\",\"target\":{\"@type\":\"EntryPoint\",\"urlTemplate\":\"https:\\\/\\\/elbiblionauta.com\\\/ca\\\/?s={search_term_string}\"},\"query-input\":{\"@type\":\"PropertyValueSpecification\",\"valueRequired\":true,\"valueName\":\"search_term_string\"}}],\"inLanguage\":\"ca\"},{\"@type\":\"Organization\",\"@id\":\"https:\\\/\\\/elbiblionauta.com\\\/ca\\\/#organization\",\"name\":\"El Biblionauta\",\"url\":\"https:\\\/\\\/elbiblionauta.com\\\/ca\\\/\",\"logo\":{\"@type\":\"ImageObject\",\"inLanguage\":\"ca\",\"@id\":\"https:\\\/\\\/elbiblionauta.com\\\/ca\\\/#\\\/schema\\\/logo\\\/image\\\/\",\"url\":\"https:\\\/\\\/elbiblionauta.com\\\/ca\\\/wp-content\\\/uploads\\\/2022\\\/04\\\/logo-biblio2.png\",\"contentUrl\":\"https:\\\/\\\/elbiblionauta.com\\\/ca\\\/wp-content\\\/uploads\\\/2022\\\/04\\\/logo-biblio2.png\",\"width\":120,\"height\":120,\"caption\":\"El Biblionauta\"},\"image\":{\"@id\":\"https:\\\/\\\/elbiblionauta.com\\\/ca\\\/#\\\/schema\\\/logo\\\/image\\\/\"},\"sameAs\":[\"https:\\\/\\\/www.facebook.com\\\/ElBiblionauta\",\"https:\\\/\\\/x.com\\\/ElBiblionauta\"]},{\"@type\":\"Person\",\"@id\":\"https:\\\/\\\/elbiblionauta.com\\\/ca\\\/#\\\/schema\\\/person\\\/160d3487a7f8519ad10540adacbbec31\",\"name\":\"Daniel Gen\u00eds\",\"image\":{\"@type\":\"ImageObject\",\"inLanguage\":\"ca\",\"@id\":\"https:\\\/\\\/elbiblionauta.com\\\/ca\\\/wp-content\\\/uploads\\\/2022\\\/12\\\/dgenis23-100x100.png\",\"url\":\"https:\\\/\\\/elbiblionauta.com\\\/ca\\\/wp-content\\\/uploads\\\/2022\\\/12\\\/dgenis23-100x100.png\",\"contentUrl\":\"https:\\\/\\\/elbiblionauta.com\\\/ca\\\/wp-content\\\/uploads\\\/2022\\\/12\\\/dgenis23-100x100.png\",\"caption\":\"Daniel Gen\u00eds\"},\"description\":\"Doctor en literatura. Professor de catal\u00e0. Culturalment dispers. Exdirector de la col\u00b7lecci\u00f3 \\\"Ci\u00e8ncia-Ficci\u00f3\\\" de Pag\u00e8s Editors, actualment fa d'assessor a \\\"L'Arc\u00e0\\\" de Laertes. \u00c9s l'editor en cap de El Biblionauta.\",\"sameAs\":[\"http:\\\/\\\/danielgenis.cat\\\/\",\"https:\\\/\\\/www.facebook.com\\\/dgmas\",\"https:\\\/\\\/x.com\\\/https:\\\/\\\/twitter.com\\\/DanielGenis\"],\"url\":\"https:\\\/\\\/elbiblionauta.com\\\/ca\\\/author\\\/dgenis\\\/\"}]}<\/script>\n<!-- \/ Yoast SEO plugin. -->","yoast_head_json":{"title":"DANSA AMB DRACS (2011) - George R. R. Martin | El Biblionauta","robots":{"index":"index","follow":"follow","max-snippet":"max-snippet:-1","max-image-preview":"max-image-preview:large","max-video-preview":"max-video-preview:-1"},"canonical":"https:\/\/elbiblionauta.com\/ca\/2016\/04\/01\/festi-de-corbs-2005-dansa-amb-dracs-2011-george-r-r-martin-2\/","og_locale":"ca_ES","og_type":"article","og_title":"DANSA AMB DRACS (2011) - George R. R. Martin | El Biblionauta","og_description":"RESSENYA DANSA AMB DRACS (2011) \u2013 George R. R. Martin Una ressenya doble per a una hist\u00f2ria&#8230; colossal. Share on facebook Share on twitter Share on whatsapp Share on email","og_url":"https:\/\/elbiblionauta.com\/ca\/2016\/04\/01\/festi-de-corbs-2005-dansa-amb-dracs-2011-george-r-r-martin-2\/","og_site_name":"El Biblionauta","article_publisher":"https:\/\/www.facebook.com\/ElBiblionauta","article_author":"https:\/\/www.facebook.com\/dgmas","article_published_time":"2016-04-01T21:48:39+00:00","article_modified_time":"2021-09-03T20:49:04+00:00","og_image":[{"width":1200,"height":1856,"url":"https:\/\/elbiblionauta.com\/ca\/wp-content\/uploads\/2016\/04\/dansa-amb-dracs.jpg","type":"image\/jpeg"}],"author":"Daniel Gen\u00eds","twitter_card":"summary_large_image","twitter_creator":"@https:\/\/twitter.com\/DanielGenis","twitter_site":"@ElBiblionauta","twitter_misc":{"Escrit per":"Daniel Gen\u00eds","Temps estimat de lectura":"17 minuts"},"schema":{"@context":"https:\/\/schema.org","@graph":[{"@type":"Article","@id":"https:\/\/elbiblionauta.com\/ca\/2016\/04\/01\/festi-de-corbs-2005-dansa-amb-dracs-2011-george-r-r-martin-2\/#article","isPartOf":{"@id":"https:\/\/elbiblionauta.com\/ca\/2016\/04\/01\/festi-de-corbs-2005-dansa-amb-dracs-2011-george-r-r-martin-2\/"},"author":{"name":"Daniel Gen\u00eds","@id":"https:\/\/elbiblionauta.com\/ca\/#\/schema\/person\/160d3487a7f8519ad10540adacbbec31"},"headline":"DANSA AMB DRACS (2011) &#8211; George R. R. Martin","datePublished":"2016-04-01T21:48:39+00:00","dateModified":"2021-09-03T20:49:04+00:00","mainEntityOfPage":{"@id":"https:\/\/elbiblionauta.com\/ca\/2016\/04\/01\/festi-de-corbs-2005-dansa-amb-dracs-2011-george-r-r-martin-2\/"},"wordCount":2470,"commentCount":0,"publisher":{"@id":"https:\/\/elbiblionauta.com\/ca\/#organization"},"image":{"@id":"https:\/\/elbiblionauta.com\/ca\/2016\/04\/01\/festi-de-corbs-2005-dansa-amb-dracs-2011-george-r-r-martin-2\/#primaryimage"},"thumbnailUrl":"https:\/\/elbiblionauta.com\/ca\/wp-content\/uploads\/2016\/04\/dansa-amb-dracs.jpg","keywords":["Can\u00e7\u00f3 de gel i foc","Martin_George R.R.","Ressenya CiFiCat"],"articleSection":["Fantasia","Ressenya"],"inLanguage":"ca","potentialAction":[{"@type":"CommentAction","name":"Comment","target":["https:\/\/elbiblionauta.com\/ca\/2016\/04\/01\/festi-de-corbs-2005-dansa-amb-dracs-2011-george-r-r-martin-2\/#respond"]}]},{"@type":"WebPage","@id":"https:\/\/elbiblionauta.com\/ca\/2016\/04\/01\/festi-de-corbs-2005-dansa-amb-dracs-2011-george-r-r-martin-2\/","url":"https:\/\/elbiblionauta.com\/ca\/2016\/04\/01\/festi-de-corbs-2005-dansa-amb-dracs-2011-george-r-r-martin-2\/","name":"DANSA AMB DRACS (2011) - George R. R. Martin | El Biblionauta","isPartOf":{"@id":"https:\/\/elbiblionauta.com\/ca\/#website"},"primaryImageOfPage":{"@id":"https:\/\/elbiblionauta.com\/ca\/2016\/04\/01\/festi-de-corbs-2005-dansa-amb-dracs-2011-george-r-r-martin-2\/#primaryimage"},"image":{"@id":"https:\/\/elbiblionauta.com\/ca\/2016\/04\/01\/festi-de-corbs-2005-dansa-amb-dracs-2011-george-r-r-martin-2\/#primaryimage"},"thumbnailUrl":"https:\/\/elbiblionauta.com\/ca\/wp-content\/uploads\/2016\/04\/dansa-amb-dracs.jpg","datePublished":"2016-04-01T21:48:39+00:00","dateModified":"2021-09-03T20:49:04+00:00","breadcrumb":{"@id":"https:\/\/elbiblionauta.com\/ca\/2016\/04\/01\/festi-de-corbs-2005-dansa-amb-dracs-2011-george-r-r-martin-2\/#breadcrumb"},"inLanguage":"ca","potentialAction":[{"@type":"ReadAction","target":["https:\/\/elbiblionauta.com\/ca\/2016\/04\/01\/festi-de-corbs-2005-dansa-amb-dracs-2011-george-r-r-martin-2\/"]}]},{"@type":"ImageObject","inLanguage":"ca","@id":"https:\/\/elbiblionauta.com\/ca\/2016\/04\/01\/festi-de-corbs-2005-dansa-amb-dracs-2011-george-r-r-martin-2\/#primaryimage","url":"https:\/\/elbiblionauta.com\/ca\/wp-content\/uploads\/2016\/04\/dansa-amb-dracs.jpg","contentUrl":"https:\/\/elbiblionauta.com\/ca\/wp-content\/uploads\/2016\/04\/dansa-amb-dracs.jpg","width":1200,"height":1856},{"@type":"BreadcrumbList","@id":"https:\/\/elbiblionauta.com\/ca\/2016\/04\/01\/festi-de-corbs-2005-dansa-amb-dracs-2011-george-r-r-martin-2\/#breadcrumb","itemListElement":[{"@type":"ListItem","position":1,"name":"Inici","item":"https:\/\/elbiblionauta.com\/ca\/"},{"@type":"ListItem","position":2,"name":"DANSA AMB DRACS (2011) &#8211; George R. R. Martin"}]},{"@type":"WebSite","@id":"https:\/\/elbiblionauta.com\/ca\/#website","url":"https:\/\/elbiblionauta.com\/ca\/","name":"El Biblionauta","description":"El teu portal de literatura fant\u00e0stica en catal\u00e0.","publisher":{"@id":"https:\/\/elbiblionauta.com\/ca\/#organization"},"potentialAction":[{"@type":"SearchAction","target":{"@type":"EntryPoint","urlTemplate":"https:\/\/elbiblionauta.com\/ca\/?s={search_term_string}"},"query-input":{"@type":"PropertyValueSpecification","valueRequired":true,"valueName":"search_term_string"}}],"inLanguage":"ca"},{"@type":"Organization","@id":"https:\/\/elbiblionauta.com\/ca\/#organization","name":"El Biblionauta","url":"https:\/\/elbiblionauta.com\/ca\/","logo":{"@type":"ImageObject","inLanguage":"ca","@id":"https:\/\/elbiblionauta.com\/ca\/#\/schema\/logo\/image\/","url":"https:\/\/elbiblionauta.com\/ca\/wp-content\/uploads\/2022\/04\/logo-biblio2.png","contentUrl":"https:\/\/elbiblionauta.com\/ca\/wp-content\/uploads\/2022\/04\/logo-biblio2.png","width":120,"height":120,"caption":"El Biblionauta"},"image":{"@id":"https:\/\/elbiblionauta.com\/ca\/#\/schema\/logo\/image\/"},"sameAs":["https:\/\/www.facebook.com\/ElBiblionauta","https:\/\/x.com\/ElBiblionauta"]},{"@type":"Person","@id":"https:\/\/elbiblionauta.com\/ca\/#\/schema\/person\/160d3487a7f8519ad10540adacbbec31","name":"Daniel Gen\u00eds","image":{"@type":"ImageObject","inLanguage":"ca","@id":"https:\/\/elbiblionauta.com\/ca\/wp-content\/uploads\/2022\/12\/dgenis23-100x100.png","url":"https:\/\/elbiblionauta.com\/ca\/wp-content\/uploads\/2022\/12\/dgenis23-100x100.png","contentUrl":"https:\/\/elbiblionauta.com\/ca\/wp-content\/uploads\/2022\/12\/dgenis23-100x100.png","caption":"Daniel Gen\u00eds"},"description":"Doctor en literatura. Professor de catal\u00e0. Culturalment dispers. Exdirector de la col\u00b7lecci\u00f3 \"Ci\u00e8ncia-Ficci\u00f3\" de Pag\u00e8s Editors, actualment fa d'assessor a \"L'Arc\u00e0\" de Laertes. \u00c9s l'editor en cap de El Biblionauta.","sameAs":["http:\/\/danielgenis.cat\/","https:\/\/www.facebook.com\/dgmas","https:\/\/x.com\/https:\/\/twitter.com\/DanielGenis"],"url":"https:\/\/elbiblionauta.com\/ca\/author\/dgenis\/"}]}},"jetpack_publicize_connections":[],"jetpack_featured_media_url":"https:\/\/elbiblionauta.com\/ca\/wp-content\/uploads\/2016\/04\/dansa-amb-dracs.jpg","jetpack_sharing_enabled":true,"jetpack_likes_enabled":false,"jetpack_shortlink":"https:\/\/wp.me\/p5gpck-5AL","_links":{"self":[{"href":"https:\/\/elbiblionauta.com\/ca\/wp-json\/wp\/v2\/posts\/21499","targetHints":{"allow":["GET"]}}],"collection":[{"href":"https:\/\/elbiblionauta.com\/ca\/wp-json\/wp\/v2\/posts"}],"about":[{"href":"https:\/\/elbiblionauta.com\/ca\/wp-json\/wp\/v2\/types\/post"}],"author":[{"embeddable":true,"href":"https:\/\/elbiblionauta.com\/ca\/wp-json\/wp\/v2\/users\/1"}],"replies":[{"embeddable":true,"href":"https:\/\/elbiblionauta.com\/ca\/wp-json\/wp\/v2\/comments?post=21499"}],"version-history":[{"count":0,"href":"https:\/\/elbiblionauta.com\/ca\/wp-json\/wp\/v2\/posts\/21499\/revisions"}],"wp:featuredmedia":[{"embeddable":true,"href":"https:\/\/elbiblionauta.com\/ca\/wp-json\/wp\/v2\/media\/19843"}],"wp:attachment":[{"href":"https:\/\/elbiblionauta.com\/ca\/wp-json\/wp\/v2\/media?parent=21499"}],"wp:term":[{"taxonomy":"category","embeddable":true,"href":"https:\/\/elbiblionauta.com\/ca\/wp-json\/wp\/v2\/categories?post=21499"},{"taxonomy":"post_tag","embeddable":true,"href":"https:\/\/elbiblionauta.com\/ca\/wp-json\/wp\/v2\/tags?post=21499"}],"curies":[{"name":"wp","href":"https:\/\/api.w.org\/{rel}","templated":true}]}}