{"id":18560,"date":"2017-10-22T16:07:32","date_gmt":"2017-10-22T14:07:32","guid":{"rendered":"http:\/\/elbiblionauta.com\/ca\/?p=18560"},"modified":"2021-09-03T22:32:11","modified_gmt":"2021-09-03T20:32:11","slug":"el-paradis-mort-2017-aleix-i-arnau-ortuno","status":"publish","type":"post","link":"https:\/\/elbiblionauta.com\/ca\/2017\/10\/22\/el-paradis-mort-2017-aleix-i-arnau-ortuno\/","title":{"rendered":"EL PARAD\u00cdS MORT (2017) \u2013 Aleix i Arnau Ortu\u00f1o"},"content":{"rendered":"\t\t<div data-elementor-type=\"wp-post\" data-elementor-id=\"18560\" class=\"elementor elementor-18560\" data-elementor-post-type=\"post\">\n\t\t\t\t\t\t<section class=\"elementor-section elementor-top-section elementor-element elementor-element-1bd06f38 elementor-section-boxed elementor-section-height-default elementor-section-height-default\" data-id=\"1bd06f38\" data-element_type=\"section\" data-e-type=\"section\">\n\t\t\t\t\t\t<div class=\"elementor-container elementor-column-gap-default\">\n\t\t\t\t\t<div class=\"elementor-column elementor-col-100 elementor-top-column elementor-element elementor-element-3203ebf9\" data-id=\"3203ebf9\" data-element_type=\"column\" data-e-type=\"column\">\n\t\t\t<div class=\"elementor-widget-wrap elementor-element-populated\">\n\t\t\t\t\t\t<div class=\"elementor-element elementor-element-4adb9df5 elementor-widget elementor-widget-heading\" data-id=\"4adb9df5\" data-element_type=\"widget\" data-e-type=\"widget\" data-widget_type=\"heading.default\">\n\t\t\t\t<div class=\"elementor-widget-container\">\n\t\t\t\t\t<h3 class=\"elementor-heading-title elementor-size-default\">RESSENYA<\/h3>\t\t\t\t<\/div>\n\t\t\t\t<\/div>\n\t\t\t\t<div class=\"elementor-element elementor-element-2d909952 elementor-widget elementor-widget-heading\" data-id=\"2d909952\" data-element_type=\"widget\" data-e-type=\"widget\" data-widget_type=\"heading.default\">\n\t\t\t\t<div class=\"elementor-widget-container\">\n\t\t\t\t\t<h1 class=\"elementor-heading-title elementor-size-default\">EL PARAD\u00cdS MORT (2017) \u2013 Aleix i Arnau Ortu\u00f1o\n<\/h1>\t\t\t\t<\/div>\n\t\t\t\t<\/div>\n\t\t\t\t<div class=\"elementor-element elementor-element-44c0ebb6 elementor-widget elementor-widget-text-editor\" data-id=\"44c0ebb6\" data-element_type=\"widget\" data-e-type=\"widget\" data-widget_type=\"text-editor.default\">\n\t\t\t\t<div class=\"elementor-widget-container\">\n\t\t\t\t\t\t\t\t\t<p>L&#8217;esfor\u00e7 dels germans Ortu\u00f1o es val que parlem del seu llibre.<\/p>\t\t\t\t\t\t\t\t<\/div>\n\t\t\t\t<\/div>\n\t\t\t\t<section class=\"elementor-section elementor-inner-section elementor-element elementor-element-1b7dbfb0 elementor-section-boxed elementor-section-height-default elementor-section-height-default\" data-id=\"1b7dbfb0\" data-element_type=\"section\" data-e-type=\"section\">\n\t\t\t\t\t\t<div class=\"elementor-container elementor-column-gap-default\">\n\t\t\t\t\t<div class=\"elementor-column elementor-col-50 elementor-inner-column elementor-element elementor-element-3e023b47\" data-id=\"3e023b47\" data-element_type=\"column\" data-e-type=\"column\">\n\t\t\t<div class=\"elementor-widget-wrap elementor-element-populated\">\n\t\t\t\t\t\t<div class=\"elementor-element elementor-element-4b84b4c2 elementor-author-box--avatar-yes elementor-author-box--name-yes elementor-author-box--link-no elementor-widget elementor-widget-author-box\" data-id=\"4b84b4c2\" data-element_type=\"widget\" data-e-type=\"widget\" data-widget_type=\"author-box.default\">\n\t\t\t\t<div class=\"elementor-widget-container\">\n\t\t\t\t\t\t\t<div class=\"elementor-author-box\">\n\t\t\t\t\t\t\t<a href=\"https:\/\/elbiblionauta.com\/ca\/author\/aherrero\/\" class=\"elementor-author-box__avatar\">\n\t\t\t\t\t<img decoding=\"async\" src=\"https:\/\/elbiblionauta.com\/ca\/wp-content\/uploads\/2017\/08\/therrero.jpg\" alt=\"Picture of Antoni Herrero\" loading=\"lazy\"\/>\n\t\t\t\t<\/a>\n\t\t\t\n\t\t\t<div class=\"elementor-author-box__text\">\n\t\t\t\t\t\t\t\t\t<a href=\"https:\/\/elbiblionauta.com\/ca\/author\/aherrero\/\">\n\t\t\t\t\t\t<h1 class=\"elementor-author-box__name\">\n\t\t\t\t\t\t\tAntoni Herrero\t\t\t\t\t\t<\/h1>\n\t\t\t\t\t<\/a>\n\t\t\t\t\n\t\t\t\t\n\t\t\t\t\t\t\t<\/div>\n\t\t<\/div>\n\t\t\t\t\t\t<\/div>\n\t\t\t\t<\/div>\n\t\t\t\t<div class=\"elementor-element elementor-element-ee2f82a elementor-widget elementor-widget-post-info\" data-id=\"ee2f82a\" data-element_type=\"widget\" data-e-type=\"widget\" data-widget_type=\"post-info.default\">\n\t\t\t\t<div class=\"elementor-widget-container\">\n\t\t\t\t\t\t\t<ul class=\"elementor-inline-items elementor-icon-list-items elementor-post-info\">\n\t\t\t\t\t\t\t\t<li class=\"elementor-icon-list-item elementor-repeater-item-9ac5e8c elementor-inline-item\" itemprop=\"datePublished\">\n\t\t\t\t\t\t<a href=\"https:\/\/elbiblionauta.com\/ca\/2017\/10\/22\/\">\n\t\t\t\t\t\t\t\t\t\t\t<span class=\"elementor-icon-list-icon\">\n\t\t\t\t\t\t\t\t<i aria-hidden=\"true\" class=\"far fa-clock\"><\/i>\t\t\t\t\t\t\t<\/span>\n\t\t\t\t\t\t\t\t\t<span class=\"elementor-icon-list-text elementor-post-info__item elementor-post-info__item--type-date\">\n\t\t\t\t\t\t\t\t\t\t<time> 22 d'octubre de 2017<\/time>\t\t\t\t\t<\/span>\n\t\t\t\t\t\t\t\t\t<\/a>\n\t\t\t\t<\/li>\n\t\t\t\t<li class=\"elementor-icon-list-item elementor-repeater-item-0970ca3 elementor-inline-item\" itemprop=\"commentCount\">\n\t\t\t\t\t\t<a href=\"https:\/\/elbiblionauta.com\/ca\/2017\/10\/22\/el-paradis-mort-2017-aleix-i-arnau-ortuno\/#respond\">\n\t\t\t\t\t\t\t\t\t\t\t<span class=\"elementor-icon-list-icon\">\n\t\t\t\t\t\t\t\t<i aria-hidden=\"true\" class=\"far fa-comment-dots\"><\/i>\t\t\t\t\t\t\t<\/span>\n\t\t\t\t\t\t\t\t\t<span class=\"elementor-icon-list-text elementor-post-info__item elementor-post-info__item--type-comments\">\n\t\t\t\t\t\t\t\t\t\tSense comentaris\t\t\t\t\t<\/span>\n\t\t\t\t\t\t\t\t\t<\/a>\n\t\t\t\t<\/li>\n\t\t\t\t<\/ul>\n\t\t\t\t\t\t<\/div>\n\t\t\t\t<\/div>\n\t\t\t\t\t<\/div>\n\t\t<\/div>\n\t\t\t\t<div class=\"elementor-column elementor-col-50 elementor-inner-column elementor-element elementor-element-4d4edc61\" data-id=\"4d4edc61\" data-element_type=\"column\" data-e-type=\"column\">\n\t\t\t<div class=\"elementor-widget-wrap elementor-element-populated\">\n\t\t\t\t\t\t<div class=\"elementor-element elementor-element-667e7c2c elementor-share-buttons--view-icon elementor-share-buttons--shape-circle elementor-share-buttons--align-right elementor-share-buttons-mobile--align-right elementor-hidden-phone elementor-share-buttons--skin-gradient elementor-grid-0 elementor-share-buttons--color-official elementor-widget elementor-widget-share-buttons\" data-id=\"667e7c2c\" data-element_type=\"widget\" data-e-type=\"widget\" data-widget_type=\"share-buttons.default\">\n\t\t\t\t<div class=\"elementor-widget-container\">\n\t\t\t\t\t\t\t<div class=\"elementor-grid\" role=\"list\">\n\t\t\t\t\t\t\t\t<div class=\"elementor-grid-item\" role=\"listitem\">\n\t\t\t\t\t\t<div class=\"elementor-share-btn elementor-share-btn_facebook\" role=\"button\" tabindex=\"0\" aria-label=\"Compartici\u00f3 en facebook\">\n\t\t\t\t\t\t\t\t\t\t\t\t\t\t\t<span class=\"elementor-share-btn__icon\">\n\t\t\t\t\t\t\t\t<i class=\"fab fa-facebook\" aria-hidden=\"true\"><\/i>\t\t\t\t\t\t\t<\/span>\n\t\t\t\t\t\t\t\t\t\t\t\t\t\t\t\t\t\t\t\t<\/div>\n\t\t\t\t\t<\/div>\n\t\t\t\t\t\t\t\t\t<div class=\"elementor-grid-item\" role=\"listitem\">\n\t\t\t\t\t\t<div class=\"elementor-share-btn elementor-share-btn_twitter\" role=\"button\" tabindex=\"0\" aria-label=\"Compartici\u00f3 en twitter\">\n\t\t\t\t\t\t\t\t\t\t\t\t\t\t\t<span class=\"elementor-share-btn__icon\">\n\t\t\t\t\t\t\t\t<i class=\"fab fa-twitter\" aria-hidden=\"true\"><\/i>\t\t\t\t\t\t\t<\/span>\n\t\t\t\t\t\t\t\t\t\t\t\t\t\t\t\t\t\t\t\t<\/div>\n\t\t\t\t\t<\/div>\n\t\t\t\t\t\t\t\t\t<div class=\"elementor-grid-item\" role=\"listitem\">\n\t\t\t\t\t\t<div class=\"elementor-share-btn elementor-share-btn_whatsapp\" role=\"button\" tabindex=\"0\" aria-label=\"Compartici\u00f3 en whatsapp\">\n\t\t\t\t\t\t\t\t\t\t\t\t\t\t\t<span class=\"elementor-share-btn__icon\">\n\t\t\t\t\t\t\t\t<i class=\"fab fa-whatsapp\" aria-hidden=\"true\"><\/i>\t\t\t\t\t\t\t<\/span>\n\t\t\t\t\t\t\t\t\t\t\t\t\t\t\t\t\t\t\t\t<\/div>\n\t\t\t\t\t<\/div>\n\t\t\t\t\t\t\t\t\t<div class=\"elementor-grid-item\" role=\"listitem\">\n\t\t\t\t\t\t<div class=\"elementor-share-btn elementor-share-btn_email\" role=\"button\" tabindex=\"0\" aria-label=\"Compartici\u00f3 en email\">\n\t\t\t\t\t\t\t\t\t\t\t\t\t\t\t<span class=\"elementor-share-btn__icon\">\n\t\t\t\t\t\t\t\t<i class=\"fas fa-envelope\" aria-hidden=\"true\"><\/i>\t\t\t\t\t\t\t<\/span>\n\t\t\t\t\t\t\t\t\t\t\t\t\t\t\t\t\t\t\t\t<\/div>\n\t\t\t\t\t<\/div>\n\t\t\t\t\t\t\t\t\t<div class=\"elementor-grid-item\" role=\"listitem\">\n\t\t\t\t\t\t<div class=\"elementor-share-btn elementor-share-btn_print\" role=\"button\" tabindex=\"0\" aria-label=\"Compartici\u00f3 en print\">\n\t\t\t\t\t\t\t\t\t\t\t\t\t\t\t<span class=\"elementor-share-btn__icon\">\n\t\t\t\t\t\t\t\t<i class=\"fas fa-print\" aria-hidden=\"true\"><\/i>\t\t\t\t\t\t\t<\/span>\n\t\t\t\t\t\t\t\t\t\t\t\t\t\t\t\t\t\t\t\t<\/div>\n\t\t\t\t\t<\/div>\n\t\t\t\t\t\t<\/div>\n\t\t\t\t\t\t<\/div>\n\t\t\t\t<\/div>\n\t\t\t\t\t<\/div>\n\t\t<\/div>\n\t\t\t\t\t<\/div>\n\t\t<\/section>\n\t\t\t\t\t<\/div>\n\t\t<\/div>\n\t\t\t\t\t<\/div>\n\t\t<\/section>\n\t\t\t\t<section class=\"elementor-section elementor-top-section elementor-element elementor-element-2fcf640c elementor-section-boxed elementor-section-height-default elementor-section-height-default\" data-id=\"2fcf640c\" data-element_type=\"section\" data-e-type=\"section\">\n\t\t\t\t\t\t<div class=\"elementor-container elementor-column-gap-default\">\n\t\t\t\t\t<div class=\"elementor-column elementor-col-100 elementor-top-column elementor-element elementor-element-50e61520\" data-id=\"50e61520\" data-element_type=\"column\" data-e-type=\"column\">\n\t\t\t<div class=\"elementor-widget-wrap elementor-element-populated\">\n\t\t\t\t\t\t<div class=\"elementor-element elementor-element-54cc2695 elementor-widget-divider--view-line elementor-widget elementor-widget-divider\" data-id=\"54cc2695\" data-element_type=\"widget\" data-e-type=\"widget\" data-widget_type=\"divider.default\">\n\t\t\t\t<div class=\"elementor-widget-container\">\n\t\t\t\t\t\t\t<div class=\"elementor-divider\">\n\t\t\t<span class=\"elementor-divider-separator\">\n\t\t\t\t\t\t<\/span>\n\t\t<\/div>\n\t\t\t\t\t\t<\/div>\n\t\t\t\t<\/div>\n\t\t\t\t\t<\/div>\n\t\t<\/div>\n\t\t\t\t\t<\/div>\n\t\t<\/section>\n\t\t\t\t<section class=\"elementor-section elementor-top-section elementor-element elementor-element-22407b8d elementor-section-boxed elementor-section-height-default elementor-section-height-default\" data-id=\"22407b8d\" data-element_type=\"section\" data-e-type=\"section\">\n\t\t\t\t\t\t<div class=\"elementor-container elementor-column-gap-default\">\n\t\t\t\t\t<div class=\"elementor-column elementor-col-33 elementor-top-column elementor-element elementor-element-70110733\" data-id=\"70110733\" data-element_type=\"column\" data-e-type=\"column\">\n\t\t\t<div class=\"elementor-widget-wrap elementor-element-populated\">\n\t\t\t\t\t\t<div class=\"elementor-element elementor-element-67811548 elementor-widget elementor-widget-image\" data-id=\"67811548\" data-element_type=\"widget\" data-e-type=\"widget\" data-widget_type=\"image.default\">\n\t\t\t\t<div class=\"elementor-widget-container\">\n\t\t\t\t\t\t\t\t\t\t\t\t\t\t\t<img fetchpriority=\"high\" decoding=\"async\" width=\"677\" height=\"1024\" src=\"https:\/\/elbiblionauta.com\/ca\/wp-content\/uploads\/2017\/10\/paradis-mort.jpg\" class=\"attachment-large size-large wp-image-18601\" alt=\"\" \/>\t\t\t\t\t\t\t\t\t\t\t\t\t\t\t<\/div>\n\t\t\t\t<\/div>\n\t\t\t\t<div class=\"elementor-element elementor-element-7d12f2e2 elementor-widget elementor-widget-text-editor\" data-id=\"7d12f2e2\" data-element_type=\"widget\" data-e-type=\"widget\" data-widget_type=\"text-editor.default\">\n\t\t\t\t<div class=\"elementor-widget-container\">\n\t\t\t\t\t\t\t\t\t<div><b>Autor<\/b><span style=\"font-weight: 400;\">: <\/span><span style=\"font-weight: 400;\">Aleix i Arnau Ortu\u00f1o<\/span><\/div><div><b>T\u00edtol<\/b><span style=\"font-weight: 400;\">: <\/span><span style=\"font-weight: 400;\">El parad\u00eds mort<\/span><\/div><div><b>Any<\/b><span style=\"font-weight: 400;\">: 2017<\/span><\/div><div><b>Editorial<\/b><span style=\"font-weight: 400;\">: Autopublicat<\/span><\/div><div><b>P\u00e0gines<\/b><span style=\"font-weight: 400;\">: 688<\/span><\/div><div><b>ISBN<\/b><span style=\"font-weight: 400;\">: &#8211;<\/span><\/div>\t\t\t\t\t\t\t\t<\/div>\n\t\t\t\t<\/div>\n\t\t\t\t<div class=\"elementor-element elementor-element-bc90bbc elementor-widget elementor-widget-spacer\" data-id=\"bc90bbc\" data-element_type=\"widget\" data-e-type=\"widget\" data-widget_type=\"spacer.default\">\n\t\t\t\t<div class=\"elementor-widget-container\">\n\t\t\t\t\t\t\t<div class=\"elementor-spacer\">\n\t\t\t<div class=\"elementor-spacer-inner\"><\/div>\n\t\t<\/div>\n\t\t\t\t\t\t<\/div>\n\t\t\t\t<\/div>\n\t\t\t\t<div class=\"elementor-element elementor-element-44511f41 elementor-hidden-phone elementor-widget elementor-widget-text-editor\" data-id=\"44511f41\" data-element_type=\"widget\" data-e-type=\"widget\" data-widget_type=\"text-editor.default\">\n\t\t\t\t<div class=\"elementor-widget-container\">\n\t\t\t\t\t\t\t\t\t<div><span style=\"font-size: 12pt;\"><b>L&#8217;has llegit? <\/b><\/span><\/div>\n<div><span style=\"font-size: 12pt;\"><b>Valora&#8217;l<sup>*<\/sup>:<\/b><\/span><\/div>\n<div><\/div>\n<div><span id=\"post-ratings-18560\" class=\"post-ratings\"><p style=\"text-align: center\"><span style=\"font-size: 8pt\"><img decoding=\"async\" src=\"https:\/\/elbiblionauta.com\/ca\/wp-content\/plugins\/wp-postratings\/images\/stars_crystal\/rating_off.gif\" alt=\"0 votes, average: 0,00 out of 5\" title=\"0 votes, average: 0,00 out of 5\" class=\"post-ratings-image\" \/><img decoding=\"async\" src=\"https:\/\/elbiblionauta.com\/ca\/wp-content\/plugins\/wp-postratings\/images\/stars_crystal\/rating_off.gif\" alt=\"0 votes, average: 0,00 out of 5\" title=\"0 votes, average: 0,00 out of 5\" class=\"post-ratings-image\" \/><img decoding=\"async\" src=\"https:\/\/elbiblionauta.com\/ca\/wp-content\/plugins\/wp-postratings\/images\/stars_crystal\/rating_off.gif\" alt=\"0 votes, average: 0,00 out of 5\" title=\"0 votes, average: 0,00 out of 5\" class=\"post-ratings-image\" \/><img decoding=\"async\" src=\"https:\/\/elbiblionauta.com\/ca\/wp-content\/plugins\/wp-postratings\/images\/stars_crystal\/rating_off.gif\" alt=\"0 votes, average: 0,00 out of 5\" title=\"0 votes, average: 0,00 out of 5\" class=\"post-ratings-image\" \/><img decoding=\"async\" src=\"https:\/\/elbiblionauta.com\/ca\/wp-content\/plugins\/wp-postratings\/images\/stars_crystal\/rating_off.gif\" alt=\"0 votes, average: 0,00 out of 5\" title=\"0 votes, average: 0,00 out of 5\" class=\"post-ratings-image\" \/> Vots emesos: <em><strong>0.<\/strong>Mitjana: <strong>0,00<\/strong> sobre 5.<\/em><em>*Has d&#8217;<a href=\"https:\/\/elbiblionauta.com\/ca\/wp-login\/\" target=\"_self\" rel=\"noopener\">iniciar sessi\u00f3<\/a>.<\/em><\/span><\/p><\/span><span id=\"post-ratings-18560-loading\" class=\"post-ratings-loading\"><img decoding=\"async\" src=\"https:\/\/elbiblionauta.com\/ca\/wp-content\/plugins\/wp-postratings\/images\/loading.gif\" width=\"16\" height=\"16\" class=\"post-ratings-image\" \/>Loading&#8230;<\/span><\/div>\t\t\t\t\t\t\t\t<\/div>\n\t\t\t\t<\/div>\n\t\t\t\t<div class=\"elementor-element elementor-element-1dc7b3b0 elementor-hidden-phone elementor-widget elementor-widget-spacer\" data-id=\"1dc7b3b0\" data-element_type=\"widget\" data-e-type=\"widget\" data-widget_type=\"spacer.default\">\n\t\t\t\t<div class=\"elementor-widget-container\">\n\t\t\t\t\t\t\t<div class=\"elementor-spacer\">\n\t\t\t<div class=\"elementor-spacer-inner\"><\/div>\n\t\t<\/div>\n\t\t\t\t\t\t<\/div>\n\t\t\t\t<\/div>\n\t\t\t\t<div class=\"elementor-element elementor-element-30077de3 elementor-hidden-phone elementor-widget-divider--view-line elementor-widget elementor-widget-divider\" data-id=\"30077de3\" data-element_type=\"widget\" data-e-type=\"widget\" data-widget_type=\"divider.default\">\n\t\t\t\t<div class=\"elementor-widget-container\">\n\t\t\t\t\t\t\t<div class=\"elementor-divider\">\n\t\t\t<span class=\"elementor-divider-separator\">\n\t\t\t\t\t\t<\/span>\n\t\t<\/div>\n\t\t\t\t\t\t<\/div>\n\t\t\t\t<\/div>\n\t\t\t\t<div class=\"elementor-element elementor-element-3390cd8b elementor-hidden-phone elementor-widget elementor-widget-text-editor\" data-id=\"3390cd8b\" data-element_type=\"widget\" data-e-type=\"widget\" data-widget_type=\"text-editor.default\">\n\t\t\t\t<div class=\"elementor-widget-container\">\n\t\t\t\t\t\t\t\t\t<blockquote><p><strong>Si perdeu la fe en el Gran Nigromant, els horrors d\u2019aquest m\u00f3n us devoraran la pell i l\u2019\u00e0nima, i ning\u00fa no far\u00e0 res per evitar-ho!<\/strong><\/p><\/blockquote>\t\t\t\t\t\t\t\t<\/div>\n\t\t\t\t<\/div>\n\t\t\t\t<div class=\"elementor-element elementor-element-6307dd93 elementor-hidden-phone elementor-widget-divider--view-line elementor-widget elementor-widget-divider\" data-id=\"6307dd93\" data-element_type=\"widget\" data-e-type=\"widget\" data-widget_type=\"divider.default\">\n\t\t\t\t<div class=\"elementor-widget-container\">\n\t\t\t\t\t\t\t<div class=\"elementor-divider\">\n\t\t\t<span class=\"elementor-divider-separator\">\n\t\t\t\t\t\t<\/span>\n\t\t<\/div>\n\t\t\t\t\t\t<\/div>\n\t\t\t\t<\/div>\n\t\t\t\t\t<\/div>\n\t\t<\/div>\n\t\t\t\t<div class=\"elementor-column elementor-col-33 elementor-top-column elementor-element elementor-element-61eeb5ad\" data-id=\"61eeb5ad\" data-element_type=\"column\" data-e-type=\"column\">\n\t\t\t<div class=\"elementor-widget-wrap elementor-element-populated\">\n\t\t\t\t\t\t<div class=\"elementor-element elementor-element-29ff31c6 elementor-widget elementor-widget-text-editor\" data-id=\"29ff31c6\" data-element_type=\"widget\" data-e-type=\"widget\" data-widget_type=\"text-editor.default\">\n\t\t\t\t<div class=\"elementor-widget-container\">\n\t\t\t\t\t\t\t\t\t<p><span style=\"font-weight: 400;\">Els que ja tenim una edat recordem amb nost\u00e0lgia l&#8217;\u00e8poca anal\u00f2gica de la fotografia, aquella on existien negatius capa\u00e7os de transformar les ombres en llums i les zones clares en foscor. Les pel\u00b7l\u00edcules fotogr\u00e0fiques eren finestres a trav\u00e9s de les quals la realitat virava d&#8217;una forma extraordin\u00e0ria, fins i tot fantasmag\u00f2rica. <strong>Us imagineu un m\u00f3n creat a partir d&#8217;un negatiu, una exist\u00e8ncia paral\u00b7lela que sigui un reflex ll\u00f2brec de la realitat? Aix\u00f2 \u00e9s <\/strong><\/span><strong><i>El parad\u00eds mort<\/i><\/strong><span style=\"font-weight: 400;\"><strong>.<\/strong> Benvinguts a Erma, una terra on el dia \u00e9s la nit i la nit \u00e9s l\u2019obscura, on els rius i els oceans contenen sang i no pas aigua, on hi deambulen \u00e9ssers que s\u00f3n m\u00e9s morts que vius i on el territori est\u00e0 plagat de deserts i paratges on no pot cr\u00e9ixer gaireb\u00e9 res.<\/span><\/p><\/div><\/div><\/div><\/div><\/div><\/section><\/div> <a href=\"https:\/\/elbiblionauta.com\/ca\/2013\/06\/15\/lanell-de-thot\/#more-1822\" class=\"more-link elementor-more-link\"><span aria-label=\"Continua llegint L&#8217;ANELL DE THOT (1890) &#8211; Arthur Conan Doyle\">(m\u00e9s&hellip;)<\/span><\/a>","protected":false},"excerpt":{"rendered":"<p>RESSENYA EL PARAD\u00cdS MORT (2017) \u2013 Aleix i Arnau Ortu\u00f1o L&#8217;esfor\u00e7 dels germans Ortu\u00f1o es val que parlem del seu llibre. Share on facebook Share on twitter Share on whatsapp<\/p>\n","protected":false},"author":25,"featured_media":18601,"comment_status":"open","ping_status":"open","sticky":false,"template":"","format":"standard","meta":{"_jetpack_memberships_contains_paid_content":false,"footnotes":"","jetpack_publicize_message":"Sang nova per a la fantasia en catal\u00e0! Ens en parla avui al web Antoni Herrero.","jetpack_publicize_feature_enabled":true,"jetpack_social_post_already_shared":true,"jetpack_social_options":{"image_generator_settings":{"template":"highway","default_image_id":0,"font":"","enabled":false},"version":2},"_links_to":"","_links_to_target":""},"categories":[257,473],"tags":[876,875,243,877],"class_list":["post-18560","post","type-post","status-publish","format-standard","has-post-thumbnail","hentry","category-fantasia","category-ressenya","tag-ortuno-arnau","tag-ortuno_aleix","tag-cfft-en-catala","tag-saga-de-el-paradis-mort"],"yoast_head":"<!-- This site is optimized with the Yoast SEO plugin v27.5 - https:\/\/yoast.com\/product\/yoast-seo-wordpress\/ -->\n<title>EL PARAD\u00cdS MORT (2017) \u2013 Aleix i Arnau Ortu\u00f1o | El Biblionauta<\/title>\n<meta name=\"robots\" content=\"index, follow, max-snippet:-1, max-image-preview:large, max-video-preview:-1\" \/>\n<link rel=\"canonical\" href=\"https:\/\/elbiblionauta.com\/ca\/2017\/10\/22\/el-paradis-mort-2017-aleix-i-arnau-ortuno\/\" \/>\n<meta property=\"og:locale\" content=\"ca_ES\" \/>\n<meta property=\"og:type\" content=\"article\" \/>\n<meta property=\"og:title\" content=\"EL PARAD\u00cdS MORT (2017) \u2013 Aleix i Arnau Ortu\u00f1o | El Biblionauta\" \/>\n<meta property=\"og:description\" content=\"RESSENYA EL PARAD\u00cdS MORT (2017) \u2013 Aleix i Arnau Ortu\u00f1o L&#8217;esfor\u00e7 dels germans Ortu\u00f1o es val que parlem del seu llibre. Share on facebook Share on twitter Share on whatsapp\" \/>\n<meta property=\"og:url\" content=\"https:\/\/elbiblionauta.com\/ca\/2017\/10\/22\/el-paradis-mort-2017-aleix-i-arnau-ortuno\/\" \/>\n<meta property=\"og:site_name\" content=\"El Biblionauta\" \/>\n<meta property=\"article:publisher\" content=\"https:\/\/www.facebook.com\/ElBiblionauta\" \/>\n<meta property=\"article:author\" content=\"https:\/\/www.facebook.com\/antoni.herrerobosch?fref=ts\" \/>\n<meta property=\"article:published_time\" content=\"2017-10-22T14:07:32+00:00\" \/>\n<meta property=\"article:modified_time\" content=\"2021-09-03T20:32:11+00:00\" \/>\n<meta property=\"og:image\" content=\"https:\/\/elbiblionauta.com\/ca\/wp-content\/uploads\/2017\/10\/paradis-mort.jpg\" \/>\n\t<meta property=\"og:image:width\" content=\"1200\" \/>\n\t<meta property=\"og:image:height\" content=\"1815\" \/>\n\t<meta property=\"og:image:type\" content=\"image\/jpeg\" \/>\n<meta name=\"author\" content=\"Antoni Herrero\" \/>\n<meta name=\"twitter:card\" content=\"summary_large_image\" \/>\n<meta name=\"twitter:creator\" content=\"@https:\/\/twitter.com\/pancromatic\" \/>\n<meta name=\"twitter:site\" content=\"@ElBiblionauta\" \/>\n<meta name=\"twitter:label1\" content=\"Escrit per\" \/>\n\t<meta name=\"twitter:data1\" content=\"Antoni Herrero\" \/>\n\t<meta name=\"twitter:label2\" content=\"Temps estimat de lectura\" \/>\n\t<meta name=\"twitter:data2\" content=\"11 minuts\" \/>\n<script type=\"application\/ld+json\" class=\"yoast-schema-graph\">{\"@context\":\"https:\\\/\\\/schema.org\",\"@graph\":[{\"@type\":\"Article\",\"@id\":\"https:\\\/\\\/elbiblionauta.com\\\/ca\\\/2017\\\/10\\\/22\\\/el-paradis-mort-2017-aleix-i-arnau-ortuno\\\/#article\",\"isPartOf\":{\"@id\":\"https:\\\/\\\/elbiblionauta.com\\\/ca\\\/2017\\\/10\\\/22\\\/el-paradis-mort-2017-aleix-i-arnau-ortuno\\\/\"},\"author\":{\"name\":\"Antoni Herrero\",\"@id\":\"https:\\\/\\\/elbiblionauta.com\\\/ca\\\/#\\\/schema\\\/person\\\/3f4e6c7748bbca25cdf8813e08030382\"},\"headline\":\"EL PARAD\u00cdS MORT (2017) \u2013 Aleix i Arnau Ortu\u00f1o\",\"datePublished\":\"2017-10-22T14:07:32+00:00\",\"dateModified\":\"2021-09-03T20:32:11+00:00\",\"mainEntityOfPage\":{\"@id\":\"https:\\\/\\\/elbiblionauta.com\\\/ca\\\/2017\\\/10\\\/22\\\/el-paradis-mort-2017-aleix-i-arnau-ortuno\\\/\"},\"wordCount\":1034,\"commentCount\":0,\"publisher\":{\"@id\":\"https:\\\/\\\/elbiblionauta.com\\\/ca\\\/#organization\"},\"image\":{\"@id\":\"https:\\\/\\\/elbiblionauta.com\\\/ca\\\/2017\\\/10\\\/22\\\/el-paradis-mort-2017-aleix-i-arnau-ortuno\\\/#primaryimage\"},\"thumbnailUrl\":\"https:\\\/\\\/elbiblionauta.com\\\/ca\\\/wp-content\\\/uploads\\\/2017\\\/10\\\/paradis-mort.jpg\",\"keywords\":[\"Ortu\u00f1o-Arnau\",\"Ortu\u00f1o_Aleix\",\"Ressenya CiFiCat\",\"Saga de El parad\u00eds mort\"],\"articleSection\":[\"Fantasia\",\"Ressenya\"],\"inLanguage\":\"ca\",\"potentialAction\":[{\"@type\":\"CommentAction\",\"name\":\"Comment\",\"target\":[\"https:\\\/\\\/elbiblionauta.com\\\/ca\\\/2017\\\/10\\\/22\\\/el-paradis-mort-2017-aleix-i-arnau-ortuno\\\/#respond\"]}]},{\"@type\":\"WebPage\",\"@id\":\"https:\\\/\\\/elbiblionauta.com\\\/ca\\\/2017\\\/10\\\/22\\\/el-paradis-mort-2017-aleix-i-arnau-ortuno\\\/\",\"url\":\"https:\\\/\\\/elbiblionauta.com\\\/ca\\\/2017\\\/10\\\/22\\\/el-paradis-mort-2017-aleix-i-arnau-ortuno\\\/\",\"name\":\"EL PARAD\u00cdS MORT (2017) \u2013 Aleix i Arnau Ortu\u00f1o | El Biblionauta\",\"isPartOf\":{\"@id\":\"https:\\\/\\\/elbiblionauta.com\\\/ca\\\/#website\"},\"primaryImageOfPage\":{\"@id\":\"https:\\\/\\\/elbiblionauta.com\\\/ca\\\/2017\\\/10\\\/22\\\/el-paradis-mort-2017-aleix-i-arnau-ortuno\\\/#primaryimage\"},\"image\":{\"@id\":\"https:\\\/\\\/elbiblionauta.com\\\/ca\\\/2017\\\/10\\\/22\\\/el-paradis-mort-2017-aleix-i-arnau-ortuno\\\/#primaryimage\"},\"thumbnailUrl\":\"https:\\\/\\\/elbiblionauta.com\\\/ca\\\/wp-content\\\/uploads\\\/2017\\\/10\\\/paradis-mort.jpg\",\"datePublished\":\"2017-10-22T14:07:32+00:00\",\"dateModified\":\"2021-09-03T20:32:11+00:00\",\"breadcrumb\":{\"@id\":\"https:\\\/\\\/elbiblionauta.com\\\/ca\\\/2017\\\/10\\\/22\\\/el-paradis-mort-2017-aleix-i-arnau-ortuno\\\/#breadcrumb\"},\"inLanguage\":\"ca\",\"potentialAction\":[{\"@type\":\"ReadAction\",\"target\":[\"https:\\\/\\\/elbiblionauta.com\\\/ca\\\/2017\\\/10\\\/22\\\/el-paradis-mort-2017-aleix-i-arnau-ortuno\\\/\"]}]},{\"@type\":\"ImageObject\",\"inLanguage\":\"ca\",\"@id\":\"https:\\\/\\\/elbiblionauta.com\\\/ca\\\/2017\\\/10\\\/22\\\/el-paradis-mort-2017-aleix-i-arnau-ortuno\\\/#primaryimage\",\"url\":\"https:\\\/\\\/elbiblionauta.com\\\/ca\\\/wp-content\\\/uploads\\\/2017\\\/10\\\/paradis-mort.jpg\",\"contentUrl\":\"https:\\\/\\\/elbiblionauta.com\\\/ca\\\/wp-content\\\/uploads\\\/2017\\\/10\\\/paradis-mort.jpg\",\"width\":1200,\"height\":1815},{\"@type\":\"BreadcrumbList\",\"@id\":\"https:\\\/\\\/elbiblionauta.com\\\/ca\\\/2017\\\/10\\\/22\\\/el-paradis-mort-2017-aleix-i-arnau-ortuno\\\/#breadcrumb\",\"itemListElement\":[{\"@type\":\"ListItem\",\"position\":1,\"name\":\"Inici\",\"item\":\"https:\\\/\\\/elbiblionauta.com\\\/ca\\\/\"},{\"@type\":\"ListItem\",\"position\":2,\"name\":\"EL PARAD\u00cdS MORT (2017) \u2013 Aleix i Arnau Ortu\u00f1o\"}]},{\"@type\":\"WebSite\",\"@id\":\"https:\\\/\\\/elbiblionauta.com\\\/ca\\\/#website\",\"url\":\"https:\\\/\\\/elbiblionauta.com\\\/ca\\\/\",\"name\":\"El Biblionauta\",\"description\":\"El teu portal de literatura fant\u00e0stica en catal\u00e0.\",\"publisher\":{\"@id\":\"https:\\\/\\\/elbiblionauta.com\\\/ca\\\/#organization\"},\"potentialAction\":[{\"@type\":\"SearchAction\",\"target\":{\"@type\":\"EntryPoint\",\"urlTemplate\":\"https:\\\/\\\/elbiblionauta.com\\\/ca\\\/?s={search_term_string}\"},\"query-input\":{\"@type\":\"PropertyValueSpecification\",\"valueRequired\":true,\"valueName\":\"search_term_string\"}}],\"inLanguage\":\"ca\"},{\"@type\":\"Organization\",\"@id\":\"https:\\\/\\\/elbiblionauta.com\\\/ca\\\/#organization\",\"name\":\"El Biblionauta\",\"url\":\"https:\\\/\\\/elbiblionauta.com\\\/ca\\\/\",\"logo\":{\"@type\":\"ImageObject\",\"inLanguage\":\"ca\",\"@id\":\"https:\\\/\\\/elbiblionauta.com\\\/ca\\\/#\\\/schema\\\/logo\\\/image\\\/\",\"url\":\"https:\\\/\\\/elbiblionauta.com\\\/ca\\\/wp-content\\\/uploads\\\/2022\\\/04\\\/logo-biblio2.png\",\"contentUrl\":\"https:\\\/\\\/elbiblionauta.com\\\/ca\\\/wp-content\\\/uploads\\\/2022\\\/04\\\/logo-biblio2.png\",\"width\":120,\"height\":120,\"caption\":\"El Biblionauta\"},\"image\":{\"@id\":\"https:\\\/\\\/elbiblionauta.com\\\/ca\\\/#\\\/schema\\\/logo\\\/image\\\/\"},\"sameAs\":[\"https:\\\/\\\/www.facebook.com\\\/ElBiblionauta\",\"https:\\\/\\\/x.com\\\/ElBiblionauta\"]},{\"@type\":\"Person\",\"@id\":\"https:\\\/\\\/elbiblionauta.com\\\/ca\\\/#\\\/schema\\\/person\\\/3f4e6c7748bbca25cdf8813e08030382\",\"name\":\"Antoni Herrero\",\"image\":{\"@type\":\"ImageObject\",\"inLanguage\":\"ca\",\"@id\":\"https:\\\/\\\/elbiblionauta.com\\\/ca\\\/wp-content\\\/uploads\\\/2017\\\/08\\\/therrero-100x100.jpg\",\"url\":\"https:\\\/\\\/elbiblionauta.com\\\/ca\\\/wp-content\\\/uploads\\\/2017\\\/08\\\/therrero-100x100.jpg\",\"contentUrl\":\"https:\\\/\\\/elbiblionauta.com\\\/ca\\\/wp-content\\\/uploads\\\/2017\\\/08\\\/therrero-100x100.jpg\",\"caption\":\"Antoni Herrero\"},\"description\":\"Editor de fant\u00e0stic en catal\u00e0 a Editorial Chronos. Compagina el terror, la fantasia i la ci\u00e8ncia-ficci\u00f3 amb la seva feina de programador Cobol. \u00c9s l\u2019autor del web de ressenyes Desde Otranto.\",\"sameAs\":[\"https:\\\/\\\/desdeotranto.blogspot.com.es\\\/\",\"https:\\\/\\\/www.facebook.com\\\/antoni.herrerobosch?fref=ts\",\"https:\\\/\\\/x.com\\\/https:\\\/\\\/twitter.com\\\/pancromatic\"],\"url\":\"https:\\\/\\\/elbiblionauta.com\\\/ca\\\/author\\\/aherrero\\\/\"}]}<\/script>\n<!-- \/ Yoast SEO plugin. -->","yoast_head_json":{"title":"EL PARAD\u00cdS MORT (2017) \u2013 Aleix i Arnau Ortu\u00f1o | El Biblionauta","robots":{"index":"index","follow":"follow","max-snippet":"max-snippet:-1","max-image-preview":"max-image-preview:large","max-video-preview":"max-video-preview:-1"},"canonical":"https:\/\/elbiblionauta.com\/ca\/2017\/10\/22\/el-paradis-mort-2017-aleix-i-arnau-ortuno\/","og_locale":"ca_ES","og_type":"article","og_title":"EL PARAD\u00cdS MORT (2017) \u2013 Aleix i Arnau Ortu\u00f1o | El Biblionauta","og_description":"RESSENYA EL PARAD\u00cdS MORT (2017) \u2013 Aleix i Arnau Ortu\u00f1o L&#8217;esfor\u00e7 dels germans Ortu\u00f1o es val que parlem del seu llibre. Share on facebook Share on twitter Share on whatsapp","og_url":"https:\/\/elbiblionauta.com\/ca\/2017\/10\/22\/el-paradis-mort-2017-aleix-i-arnau-ortuno\/","og_site_name":"El Biblionauta","article_publisher":"https:\/\/www.facebook.com\/ElBiblionauta","article_author":"https:\/\/www.facebook.com\/antoni.herrerobosch?fref=ts","article_published_time":"2017-10-22T14:07:32+00:00","article_modified_time":"2021-09-03T20:32:11+00:00","og_image":[{"width":1200,"height":1815,"url":"https:\/\/elbiblionauta.com\/ca\/wp-content\/uploads\/2017\/10\/paradis-mort.jpg","type":"image\/jpeg"}],"author":"Antoni Herrero","twitter_card":"summary_large_image","twitter_creator":"@https:\/\/twitter.com\/pancromatic","twitter_site":"@ElBiblionauta","twitter_misc":{"Escrit per":"Antoni Herrero","Temps estimat de lectura":"11 minuts"},"schema":{"@context":"https:\/\/schema.org","@graph":[{"@type":"Article","@id":"https:\/\/elbiblionauta.com\/ca\/2017\/10\/22\/el-paradis-mort-2017-aleix-i-arnau-ortuno\/#article","isPartOf":{"@id":"https:\/\/elbiblionauta.com\/ca\/2017\/10\/22\/el-paradis-mort-2017-aleix-i-arnau-ortuno\/"},"author":{"name":"Antoni Herrero","@id":"https:\/\/elbiblionauta.com\/ca\/#\/schema\/person\/3f4e6c7748bbca25cdf8813e08030382"},"headline":"EL PARAD\u00cdS MORT (2017) \u2013 Aleix i Arnau Ortu\u00f1o","datePublished":"2017-10-22T14:07:32+00:00","dateModified":"2021-09-03T20:32:11+00:00","mainEntityOfPage":{"@id":"https:\/\/elbiblionauta.com\/ca\/2017\/10\/22\/el-paradis-mort-2017-aleix-i-arnau-ortuno\/"},"wordCount":1034,"commentCount":0,"publisher":{"@id":"https:\/\/elbiblionauta.com\/ca\/#organization"},"image":{"@id":"https:\/\/elbiblionauta.com\/ca\/2017\/10\/22\/el-paradis-mort-2017-aleix-i-arnau-ortuno\/#primaryimage"},"thumbnailUrl":"https:\/\/elbiblionauta.com\/ca\/wp-content\/uploads\/2017\/10\/paradis-mort.jpg","keywords":["Ortu\u00f1o-Arnau","Ortu\u00f1o_Aleix","Ressenya CiFiCat","Saga de El parad\u00eds mort"],"articleSection":["Fantasia","Ressenya"],"inLanguage":"ca","potentialAction":[{"@type":"CommentAction","name":"Comment","target":["https:\/\/elbiblionauta.com\/ca\/2017\/10\/22\/el-paradis-mort-2017-aleix-i-arnau-ortuno\/#respond"]}]},{"@type":"WebPage","@id":"https:\/\/elbiblionauta.com\/ca\/2017\/10\/22\/el-paradis-mort-2017-aleix-i-arnau-ortuno\/","url":"https:\/\/elbiblionauta.com\/ca\/2017\/10\/22\/el-paradis-mort-2017-aleix-i-arnau-ortuno\/","name":"EL PARAD\u00cdS MORT (2017) \u2013 Aleix i Arnau Ortu\u00f1o | El Biblionauta","isPartOf":{"@id":"https:\/\/elbiblionauta.com\/ca\/#website"},"primaryImageOfPage":{"@id":"https:\/\/elbiblionauta.com\/ca\/2017\/10\/22\/el-paradis-mort-2017-aleix-i-arnau-ortuno\/#primaryimage"},"image":{"@id":"https:\/\/elbiblionauta.com\/ca\/2017\/10\/22\/el-paradis-mort-2017-aleix-i-arnau-ortuno\/#primaryimage"},"thumbnailUrl":"https:\/\/elbiblionauta.com\/ca\/wp-content\/uploads\/2017\/10\/paradis-mort.jpg","datePublished":"2017-10-22T14:07:32+00:00","dateModified":"2021-09-03T20:32:11+00:00","breadcrumb":{"@id":"https:\/\/elbiblionauta.com\/ca\/2017\/10\/22\/el-paradis-mort-2017-aleix-i-arnau-ortuno\/#breadcrumb"},"inLanguage":"ca","potentialAction":[{"@type":"ReadAction","target":["https:\/\/elbiblionauta.com\/ca\/2017\/10\/22\/el-paradis-mort-2017-aleix-i-arnau-ortuno\/"]}]},{"@type":"ImageObject","inLanguage":"ca","@id":"https:\/\/elbiblionauta.com\/ca\/2017\/10\/22\/el-paradis-mort-2017-aleix-i-arnau-ortuno\/#primaryimage","url":"https:\/\/elbiblionauta.com\/ca\/wp-content\/uploads\/2017\/10\/paradis-mort.jpg","contentUrl":"https:\/\/elbiblionauta.com\/ca\/wp-content\/uploads\/2017\/10\/paradis-mort.jpg","width":1200,"height":1815},{"@type":"BreadcrumbList","@id":"https:\/\/elbiblionauta.com\/ca\/2017\/10\/22\/el-paradis-mort-2017-aleix-i-arnau-ortuno\/#breadcrumb","itemListElement":[{"@type":"ListItem","position":1,"name":"Inici","item":"https:\/\/elbiblionauta.com\/ca\/"},{"@type":"ListItem","position":2,"name":"EL PARAD\u00cdS MORT (2017) \u2013 Aleix i Arnau Ortu\u00f1o"}]},{"@type":"WebSite","@id":"https:\/\/elbiblionauta.com\/ca\/#website","url":"https:\/\/elbiblionauta.com\/ca\/","name":"El Biblionauta","description":"El teu portal de literatura fant\u00e0stica en catal\u00e0.","publisher":{"@id":"https:\/\/elbiblionauta.com\/ca\/#organization"},"potentialAction":[{"@type":"SearchAction","target":{"@type":"EntryPoint","urlTemplate":"https:\/\/elbiblionauta.com\/ca\/?s={search_term_string}"},"query-input":{"@type":"PropertyValueSpecification","valueRequired":true,"valueName":"search_term_string"}}],"inLanguage":"ca"},{"@type":"Organization","@id":"https:\/\/elbiblionauta.com\/ca\/#organization","name":"El Biblionauta","url":"https:\/\/elbiblionauta.com\/ca\/","logo":{"@type":"ImageObject","inLanguage":"ca","@id":"https:\/\/elbiblionauta.com\/ca\/#\/schema\/logo\/image\/","url":"https:\/\/elbiblionauta.com\/ca\/wp-content\/uploads\/2022\/04\/logo-biblio2.png","contentUrl":"https:\/\/elbiblionauta.com\/ca\/wp-content\/uploads\/2022\/04\/logo-biblio2.png","width":120,"height":120,"caption":"El Biblionauta"},"image":{"@id":"https:\/\/elbiblionauta.com\/ca\/#\/schema\/logo\/image\/"},"sameAs":["https:\/\/www.facebook.com\/ElBiblionauta","https:\/\/x.com\/ElBiblionauta"]},{"@type":"Person","@id":"https:\/\/elbiblionauta.com\/ca\/#\/schema\/person\/3f4e6c7748bbca25cdf8813e08030382","name":"Antoni Herrero","image":{"@type":"ImageObject","inLanguage":"ca","@id":"https:\/\/elbiblionauta.com\/ca\/wp-content\/uploads\/2017\/08\/therrero-100x100.jpg","url":"https:\/\/elbiblionauta.com\/ca\/wp-content\/uploads\/2017\/08\/therrero-100x100.jpg","contentUrl":"https:\/\/elbiblionauta.com\/ca\/wp-content\/uploads\/2017\/08\/therrero-100x100.jpg","caption":"Antoni Herrero"},"description":"Editor de fant\u00e0stic en catal\u00e0 a Editorial Chronos. Compagina el terror, la fantasia i la ci\u00e8ncia-ficci\u00f3 amb la seva feina de programador Cobol. \u00c9s l\u2019autor del web de ressenyes Desde Otranto.","sameAs":["https:\/\/desdeotranto.blogspot.com.es\/","https:\/\/www.facebook.com\/antoni.herrerobosch?fref=ts","https:\/\/x.com\/https:\/\/twitter.com\/pancromatic"],"url":"https:\/\/elbiblionauta.com\/ca\/author\/aherrero\/"}]}},"jetpack_publicize_connections":[],"jetpack_featured_media_url":"https:\/\/elbiblionauta.com\/ca\/wp-content\/uploads\/2017\/10\/paradis-mort.jpg","jetpack_sharing_enabled":true,"jetpack_likes_enabled":false,"jetpack_shortlink":"https:\/\/wp.me\/p5gpck-4Pm","_links":{"self":[{"href":"https:\/\/elbiblionauta.com\/ca\/wp-json\/wp\/v2\/posts\/18560","targetHints":{"allow":["GET"]}}],"collection":[{"href":"https:\/\/elbiblionauta.com\/ca\/wp-json\/wp\/v2\/posts"}],"about":[{"href":"https:\/\/elbiblionauta.com\/ca\/wp-json\/wp\/v2\/types\/post"}],"author":[{"embeddable":true,"href":"https:\/\/elbiblionauta.com\/ca\/wp-json\/wp\/v2\/users\/25"}],"replies":[{"embeddable":true,"href":"https:\/\/elbiblionauta.com\/ca\/wp-json\/wp\/v2\/comments?post=18560"}],"version-history":[{"count":0,"href":"https:\/\/elbiblionauta.com\/ca\/wp-json\/wp\/v2\/posts\/18560\/revisions"}],"wp:featuredmedia":[{"embeddable":true,"href":"https:\/\/elbiblionauta.com\/ca\/wp-json\/wp\/v2\/media\/18601"}],"wp:attachment":[{"href":"https:\/\/elbiblionauta.com\/ca\/wp-json\/wp\/v2\/media?parent=18560"}],"wp:term":[{"taxonomy":"category","embeddable":true,"href":"https:\/\/elbiblionauta.com\/ca\/wp-json\/wp\/v2\/categories?post=18560"},{"taxonomy":"post_tag","embeddable":true,"href":"https:\/\/elbiblionauta.com\/ca\/wp-json\/wp\/v2\/tags?post=18560"}],"curies":[{"name":"wp","href":"https:\/\/api.w.org\/{rel}","templated":true}]}}