{"id":18133,"date":"2017-07-31T07:00:00","date_gmt":"2017-07-31T05:00:00","guid":{"rendered":"http:\/\/elbiblionauta.com\/ca\/?p=18133"},"modified":"2021-09-03T22:34:47","modified_gmt":"2021-09-03T20:34:47","slug":"la-mala-dona-2008-marc-pastor","status":"publish","type":"post","link":"https:\/\/elbiblionauta.com\/ca\/2017\/07\/31\/la-mala-dona-2008-marc-pastor\/","title":{"rendered":"LA MALA DONA (2008) &#8211; Marc Pastor"},"content":{"rendered":"\t\t<div data-elementor-type=\"wp-post\" data-elementor-id=\"18133\" class=\"elementor elementor-18133\" data-elementor-post-type=\"post\">\n\t\t\t\t\t\t<section class=\"elementor-section elementor-top-section elementor-element elementor-element-cfa5f19 elementor-section-boxed elementor-section-height-default elementor-section-height-default\" data-id=\"cfa5f19\" data-element_type=\"section\" data-e-type=\"section\">\n\t\t\t\t\t\t<div class=\"elementor-container elementor-column-gap-default\">\n\t\t\t\t\t<div class=\"elementor-column elementor-col-100 elementor-top-column elementor-element elementor-element-2ee068e3\" data-id=\"2ee068e3\" data-element_type=\"column\" data-e-type=\"column\">\n\t\t\t<div class=\"elementor-widget-wrap elementor-element-populated\">\n\t\t\t\t\t\t<div class=\"elementor-element elementor-element-624f0ca6 elementor-widget elementor-widget-heading\" data-id=\"624f0ca6\" data-element_type=\"widget\" data-e-type=\"widget\" data-widget_type=\"heading.default\">\n\t\t\t\t<div class=\"elementor-widget-container\">\n\t\t\t\t\t<h3 class=\"elementor-heading-title elementor-size-default\">RESSENYA<\/h3>\t\t\t\t<\/div>\n\t\t\t\t<\/div>\n\t\t\t\t<div class=\"elementor-element elementor-element-45cb00c7 elementor-widget elementor-widget-heading\" data-id=\"45cb00c7\" data-element_type=\"widget\" data-e-type=\"widget\" data-widget_type=\"heading.default\">\n\t\t\t\t<div class=\"elementor-widget-container\">\n\t\t\t\t\t<h1 class=\"elementor-heading-title elementor-size-default\">LA MALA DONA (2008) \u2013 Marc Pastor\n<\/h1>\t\t\t\t<\/div>\n\t\t\t\t<\/div>\n\t\t\t\t<div class=\"elementor-element elementor-element-8d1011b elementor-widget elementor-widget-text-editor\" data-id=\"8d1011b\" data-element_type=\"widget\" data-e-type=\"widget\" data-widget_type=\"text-editor.default\">\n\t\t\t\t<div class=\"elementor-widget-container\">\n\t\t\t\t\t\t\t\t\t<p>Novel\u00b7la inquietant sobre un dels personatges m\u00e9s enigm\u00e0tics i terror\u00edfics de la hist\u00f2ria barcelonina.<\/p>\t\t\t\t\t\t\t\t<\/div>\n\t\t\t\t<\/div>\n\t\t\t\t<section class=\"elementor-section elementor-inner-section elementor-element elementor-element-70db5c25 elementor-section-boxed elementor-section-height-default elementor-section-height-default\" data-id=\"70db5c25\" data-element_type=\"section\" data-e-type=\"section\">\n\t\t\t\t\t\t<div class=\"elementor-container elementor-column-gap-default\">\n\t\t\t\t\t<div class=\"elementor-column elementor-col-50 elementor-inner-column elementor-element elementor-element-18061ec4\" data-id=\"18061ec4\" data-element_type=\"column\" data-e-type=\"column\">\n\t\t\t<div class=\"elementor-widget-wrap elementor-element-populated\">\n\t\t\t\t\t\t<div class=\"elementor-element elementor-element-6433e575 elementor-author-box--avatar-yes elementor-author-box--name-yes elementor-author-box--link-no elementor-widget elementor-widget-author-box\" data-id=\"6433e575\" data-element_type=\"widget\" data-e-type=\"widget\" data-widget_type=\"author-box.default\">\n\t\t\t\t<div class=\"elementor-widget-container\">\n\t\t\t\t\t\t\t<div class=\"elementor-author-box\">\n\t\t\t\t\t\t\t<a href=\"https:\/\/elbiblionauta.com\/ca\/author\/dgenis\/\" class=\"elementor-author-box__avatar\">\n\t\t\t\t\t<img decoding=\"async\" src=\"https:\/\/elbiblionauta.com\/ca\/wp-content\/uploads\/2022\/12\/dgenis23-300x300.png\" alt=\"Picture of Daniel Gen\u00eds\" loading=\"lazy\"\/>\n\t\t\t\t<\/a>\n\t\t\t\n\t\t\t<div class=\"elementor-author-box__text\">\n\t\t\t\t\t\t\t\t\t<a href=\"https:\/\/elbiblionauta.com\/ca\/author\/dgenis\/\">\n\t\t\t\t\t\t<h1 class=\"elementor-author-box__name\">\n\t\t\t\t\t\t\tDaniel Gen\u00eds\t\t\t\t\t\t<\/h1>\n\t\t\t\t\t<\/a>\n\t\t\t\t\n\t\t\t\t\n\t\t\t\t\t\t\t<\/div>\n\t\t<\/div>\n\t\t\t\t\t\t<\/div>\n\t\t\t\t<\/div>\n\t\t\t\t<div class=\"elementor-element elementor-element-24fcd256 elementor-widget elementor-widget-post-info\" data-id=\"24fcd256\" data-element_type=\"widget\" data-e-type=\"widget\" data-widget_type=\"post-info.default\">\n\t\t\t\t<div class=\"elementor-widget-container\">\n\t\t\t\t\t\t\t<ul class=\"elementor-inline-items elementor-icon-list-items elementor-post-info\">\n\t\t\t\t\t\t\t\t<li class=\"elementor-icon-list-item elementor-repeater-item-9ac5e8c elementor-inline-item\" itemprop=\"datePublished\">\n\t\t\t\t\t\t<a href=\"https:\/\/elbiblionauta.com\/ca\/2017\/07\/31\/\">\n\t\t\t\t\t\t\t\t\t\t\t<span class=\"elementor-icon-list-icon\">\n\t\t\t\t\t\t\t\t<i aria-hidden=\"true\" class=\"far fa-clock\"><\/i>\t\t\t\t\t\t\t<\/span>\n\t\t\t\t\t\t\t\t\t<span class=\"elementor-icon-list-text elementor-post-info__item elementor-post-info__item--type-date\">\n\t\t\t\t\t\t\t\t\t\t<time> 31 de juliol de 2017<\/time>\t\t\t\t\t<\/span>\n\t\t\t\t\t\t\t\t\t<\/a>\n\t\t\t\t<\/li>\n\t\t\t\t<li class=\"elementor-icon-list-item elementor-repeater-item-0970ca3 elementor-inline-item\" itemprop=\"commentCount\">\n\t\t\t\t\t\t<a href=\"https:\/\/elbiblionauta.com\/ca\/2017\/07\/31\/la-mala-dona-2008-marc-pastor\/#respond\">\n\t\t\t\t\t\t\t\t\t\t\t<span class=\"elementor-icon-list-icon\">\n\t\t\t\t\t\t\t\t<i aria-hidden=\"true\" class=\"far fa-comment-dots\"><\/i>\t\t\t\t\t\t\t<\/span>\n\t\t\t\t\t\t\t\t\t<span class=\"elementor-icon-list-text elementor-post-info__item elementor-post-info__item--type-comments\">\n\t\t\t\t\t\t\t\t\t\tSense comentaris\t\t\t\t\t<\/span>\n\t\t\t\t\t\t\t\t\t<\/a>\n\t\t\t\t<\/li>\n\t\t\t\t<\/ul>\n\t\t\t\t\t\t<\/div>\n\t\t\t\t<\/div>\n\t\t\t\t\t<\/div>\n\t\t<\/div>\n\t\t\t\t<div class=\"elementor-column elementor-col-50 elementor-inner-column elementor-element elementor-element-24e75b56\" data-id=\"24e75b56\" data-element_type=\"column\" data-e-type=\"column\">\n\t\t\t<div class=\"elementor-widget-wrap elementor-element-populated\">\n\t\t\t\t\t\t<div class=\"elementor-element elementor-element-1e6c8f38 elementor-share-buttons--view-icon elementor-share-buttons--shape-circle elementor-share-buttons--align-right elementor-share-buttons-mobile--align-right elementor-hidden-phone elementor-share-buttons--skin-gradient elementor-grid-0 elementor-share-buttons--color-official elementor-widget elementor-widget-share-buttons\" data-id=\"1e6c8f38\" data-element_type=\"widget\" data-e-type=\"widget\" data-widget_type=\"share-buttons.default\">\n\t\t\t\t<div class=\"elementor-widget-container\">\n\t\t\t\t\t\t\t<div class=\"elementor-grid\" role=\"list\">\n\t\t\t\t\t\t\t\t<div class=\"elementor-grid-item\" role=\"listitem\">\n\t\t\t\t\t\t<div class=\"elementor-share-btn elementor-share-btn_facebook\" role=\"button\" tabindex=\"0\" aria-label=\"Compartici\u00f3 en facebook\">\n\t\t\t\t\t\t\t\t\t\t\t\t\t\t\t<span class=\"elementor-share-btn__icon\">\n\t\t\t\t\t\t\t\t<i class=\"fab fa-facebook\" aria-hidden=\"true\"><\/i>\t\t\t\t\t\t\t<\/span>\n\t\t\t\t\t\t\t\t\t\t\t\t\t\t\t\t\t\t\t\t<\/div>\n\t\t\t\t\t<\/div>\n\t\t\t\t\t\t\t\t\t<div class=\"elementor-grid-item\" role=\"listitem\">\n\t\t\t\t\t\t<div class=\"elementor-share-btn elementor-share-btn_twitter\" role=\"button\" tabindex=\"0\" aria-label=\"Compartici\u00f3 en twitter\">\n\t\t\t\t\t\t\t\t\t\t\t\t\t\t\t<span class=\"elementor-share-btn__icon\">\n\t\t\t\t\t\t\t\t<i class=\"fab fa-twitter\" aria-hidden=\"true\"><\/i>\t\t\t\t\t\t\t<\/span>\n\t\t\t\t\t\t\t\t\t\t\t\t\t\t\t\t\t\t\t\t<\/div>\n\t\t\t\t\t<\/div>\n\t\t\t\t\t\t\t\t\t<div class=\"elementor-grid-item\" role=\"listitem\">\n\t\t\t\t\t\t<div class=\"elementor-share-btn elementor-share-btn_whatsapp\" role=\"button\" tabindex=\"0\" aria-label=\"Compartici\u00f3 en whatsapp\">\n\t\t\t\t\t\t\t\t\t\t\t\t\t\t\t<span class=\"elementor-share-btn__icon\">\n\t\t\t\t\t\t\t\t<i class=\"fab fa-whatsapp\" aria-hidden=\"true\"><\/i>\t\t\t\t\t\t\t<\/span>\n\t\t\t\t\t\t\t\t\t\t\t\t\t\t\t\t\t\t\t\t<\/div>\n\t\t\t\t\t<\/div>\n\t\t\t\t\t\t\t\t\t<div class=\"elementor-grid-item\" role=\"listitem\">\n\t\t\t\t\t\t<div class=\"elementor-share-btn elementor-share-btn_email\" role=\"button\" tabindex=\"0\" aria-label=\"Compartici\u00f3 en email\">\n\t\t\t\t\t\t\t\t\t\t\t\t\t\t\t<span class=\"elementor-share-btn__icon\">\n\t\t\t\t\t\t\t\t<i class=\"fas fa-envelope\" aria-hidden=\"true\"><\/i>\t\t\t\t\t\t\t<\/span>\n\t\t\t\t\t\t\t\t\t\t\t\t\t\t\t\t\t\t\t\t<\/div>\n\t\t\t\t\t<\/div>\n\t\t\t\t\t\t\t\t\t<div class=\"elementor-grid-item\" role=\"listitem\">\n\t\t\t\t\t\t<div class=\"elementor-share-btn elementor-share-btn_print\" role=\"button\" tabindex=\"0\" aria-label=\"Compartici\u00f3 en print\">\n\t\t\t\t\t\t\t\t\t\t\t\t\t\t\t<span class=\"elementor-share-btn__icon\">\n\t\t\t\t\t\t\t\t<i class=\"fas fa-print\" aria-hidden=\"true\"><\/i>\t\t\t\t\t\t\t<\/span>\n\t\t\t\t\t\t\t\t\t\t\t\t\t\t\t\t\t\t\t\t<\/div>\n\t\t\t\t\t<\/div>\n\t\t\t\t\t\t<\/div>\n\t\t\t\t\t\t<\/div>\n\t\t\t\t<\/div>\n\t\t\t\t\t<\/div>\n\t\t<\/div>\n\t\t\t\t\t<\/div>\n\t\t<\/section>\n\t\t\t\t\t<\/div>\n\t\t<\/div>\n\t\t\t\t\t<\/div>\n\t\t<\/section>\n\t\t\t\t<section class=\"elementor-section elementor-top-section elementor-element elementor-element-625bb515 elementor-section-boxed elementor-section-height-default elementor-section-height-default\" data-id=\"625bb515\" data-element_type=\"section\" data-e-type=\"section\">\n\t\t\t\t\t\t<div class=\"elementor-container elementor-column-gap-default\">\n\t\t\t\t\t<div class=\"elementor-column elementor-col-100 elementor-top-column elementor-element elementor-element-15dd432c\" data-id=\"15dd432c\" data-element_type=\"column\" data-e-type=\"column\">\n\t\t\t<div class=\"elementor-widget-wrap elementor-element-populated\">\n\t\t\t\t\t\t<div class=\"elementor-element elementor-element-bfe906d elementor-widget-divider--view-line elementor-widget elementor-widget-divider\" data-id=\"bfe906d\" data-element_type=\"widget\" data-e-type=\"widget\" data-widget_type=\"divider.default\">\n\t\t\t\t<div class=\"elementor-widget-container\">\n\t\t\t\t\t\t\t<div class=\"elementor-divider\">\n\t\t\t<span class=\"elementor-divider-separator\">\n\t\t\t\t\t\t<\/span>\n\t\t<\/div>\n\t\t\t\t\t\t<\/div>\n\t\t\t\t<\/div>\n\t\t\t\t\t<\/div>\n\t\t<\/div>\n\t\t\t\t\t<\/div>\n\t\t<\/section>\n\t\t\t\t<section class=\"elementor-section elementor-top-section elementor-element elementor-element-271f09c5 elementor-section-boxed elementor-section-height-default elementor-section-height-default\" data-id=\"271f09c5\" data-element_type=\"section\" data-e-type=\"section\">\n\t\t\t\t\t\t<div class=\"elementor-container elementor-column-gap-default\">\n\t\t\t\t\t<div class=\"elementor-column elementor-col-33 elementor-top-column elementor-element elementor-element-413f29cc\" data-id=\"413f29cc\" data-element_type=\"column\" data-e-type=\"column\">\n\t\t\t<div class=\"elementor-widget-wrap elementor-element-populated\">\n\t\t\t\t\t\t<div class=\"elementor-element elementor-element-29fbe591 elementor-widget elementor-widget-image\" data-id=\"29fbe591\" data-element_type=\"widget\" data-e-type=\"widget\" data-widget_type=\"image.default\">\n\t\t\t\t<div class=\"elementor-widget-container\">\n\t\t\t\t\t\t\t\t\t\t\t\t\t\t\t<img fetchpriority=\"high\" decoding=\"async\" width=\"682\" height=\"1024\" src=\"https:\/\/elbiblionauta.com\/ca\/wp-content\/uploads\/2017\/07\/la-mala-dona-recomanat.jpg\" class=\"attachment-large size-large wp-image-20746\" alt=\"\" \/>\t\t\t\t\t\t\t\t\t\t\t\t\t\t\t<\/div>\n\t\t\t\t<\/div>\n\t\t\t\t<div class=\"elementor-element elementor-element-3765665a elementor-widget elementor-widget-text-editor\" data-id=\"3765665a\" data-element_type=\"widget\" data-e-type=\"widget\" data-widget_type=\"text-editor.default\">\n\t\t\t\t<div class=\"elementor-widget-container\">\n\t\t\t\t\t\t\t\t\t<div><strong>Autor<\/strong>: Marc Pastor<\/div><div><strong>T\u00edtol<\/strong>: La mala dona<\/div><div><strong>Any<\/strong>: 2008<\/div><div><strong>Editorial<\/strong>: RBA<\/div><div><strong>P\u00e0gines<\/strong>: 247<\/div><div><strong>ISBN<\/strong>: 9788482647401<\/div>\t\t\t\t\t\t\t\t<\/div>\n\t\t\t\t<\/div>\n\t\t\t\t<div class=\"elementor-element elementor-element-482202f7 elementor-widget elementor-widget-spacer\" data-id=\"482202f7\" data-element_type=\"widget\" data-e-type=\"widget\" data-widget_type=\"spacer.default\">\n\t\t\t\t<div class=\"elementor-widget-container\">\n\t\t\t\t\t\t\t<div class=\"elementor-spacer\">\n\t\t\t<div class=\"elementor-spacer-inner\"><\/div>\n\t\t<\/div>\n\t\t\t\t\t\t<\/div>\n\t\t\t\t<\/div>\n\t\t\t\t<div class=\"elementor-element elementor-element-5285d4bb elementor-hidden-phone elementor-widget elementor-widget-text-editor\" data-id=\"5285d4bb\" data-element_type=\"widget\" data-e-type=\"widget\" data-widget_type=\"text-editor.default\">\n\t\t\t\t<div class=\"elementor-widget-container\">\n\t\t\t\t\t\t\t\t\t<div><span style=\"font-size: 12pt;\"><b>L&#8217;has llegit? <\/b><\/span><\/div>\n<div><span style=\"font-size: 12pt;\"><b>Valora&#8217;l<sup>*<\/sup>:<\/b><\/span><\/div>\n<div><\/div>\n<div><span id=\"post-ratings-18133\" class=\"post-ratings\"><p style=\"text-align: center\"><span style=\"font-size: 8pt\"><img decoding=\"async\" src=\"https:\/\/elbiblionauta.com\/ca\/wp-content\/plugins\/wp-postratings\/images\/stars_crystal\/rating_off.gif\" alt=\"0 votes, average: 0,00 out of 5\" title=\"0 votes, average: 0,00 out of 5\" class=\"post-ratings-image\" \/><img decoding=\"async\" src=\"https:\/\/elbiblionauta.com\/ca\/wp-content\/plugins\/wp-postratings\/images\/stars_crystal\/rating_off.gif\" alt=\"0 votes, average: 0,00 out of 5\" title=\"0 votes, average: 0,00 out of 5\" class=\"post-ratings-image\" \/><img decoding=\"async\" src=\"https:\/\/elbiblionauta.com\/ca\/wp-content\/plugins\/wp-postratings\/images\/stars_crystal\/rating_off.gif\" alt=\"0 votes, average: 0,00 out of 5\" title=\"0 votes, average: 0,00 out of 5\" class=\"post-ratings-image\" \/><img decoding=\"async\" src=\"https:\/\/elbiblionauta.com\/ca\/wp-content\/plugins\/wp-postratings\/images\/stars_crystal\/rating_off.gif\" alt=\"0 votes, average: 0,00 out of 5\" title=\"0 votes, average: 0,00 out of 5\" class=\"post-ratings-image\" \/><img decoding=\"async\" src=\"https:\/\/elbiblionauta.com\/ca\/wp-content\/plugins\/wp-postratings\/images\/stars_crystal\/rating_off.gif\" alt=\"0 votes, average: 0,00 out of 5\" title=\"0 votes, average: 0,00 out of 5\" class=\"post-ratings-image\" \/> Vots emesos: <em><strong>0.<\/strong>Mitjana: <strong>0,00<\/strong> sobre 5.<\/em><em>*Has d&#8217;<a href=\"https:\/\/elbiblionauta.com\/ca\/wp-login\/\" target=\"_self\" rel=\"noopener\">iniciar sessi\u00f3<\/a>.<\/em><\/span><\/p><\/span><span id=\"post-ratings-18133-loading\" class=\"post-ratings-loading\"><img decoding=\"async\" src=\"https:\/\/elbiblionauta.com\/ca\/wp-content\/plugins\/wp-postratings\/images\/loading.gif\" width=\"16\" height=\"16\" class=\"post-ratings-image\" \/>Loading&#8230;<\/span><\/div>\t\t\t\t\t\t\t\t<\/div>\n\t\t\t\t<\/div>\n\t\t\t\t\t<\/div>\n\t\t<\/div>\n\t\t\t\t<div class=\"elementor-column elementor-col-33 elementor-top-column elementor-element elementor-element-6bea9535\" data-id=\"6bea9535\" data-element_type=\"column\" data-e-type=\"column\">\n\t\t\t<div class=\"elementor-widget-wrap elementor-element-populated\">\n\t\t\t\t\t\t<div class=\"elementor-element elementor-element-375aae82 elementor-widget elementor-widget-text-editor\" data-id=\"375aae82\" data-element_type=\"widget\" data-e-type=\"widget\" data-widget_type=\"text-editor.default\">\n\t\t\t\t<div class=\"elementor-widget-container\">\n\t\t\t\t\t\t\t\t\t<p>Avui en dia, el nom de <a href=\"https:\/\/ca.wikipedia.org\/wiki\/Marc_Pastor\" target=\"_blank\" rel=\"noopener\"><strong>Marc Pastor<\/strong><\/a> \u00e9s de sobres conegut pels amants del g\u00e8nere fant\u00e0stic (i m&#8217;atreviria a dir que tamb\u00e9 per bona part dels que no s\u00f3n lectors habituals d&#8217;aquest g\u00e8nere) i gaudeix d&#8217;una merescuda reputaci\u00f3, tant en llengua catalana com (cada vegada m\u00e9s, tamb\u00e9) en llengua castellana. I en d&#8217;altres. Nom\u00e9s cal donar un cop d&#8217;ull al nombre de llibres venuts i a les cr\u00edtiques del seu \u00faltim llibre, <a href=\"https:\/\/elbiblionauta.com\/ca\/2017\/03\/13\/farishta-2017-marc-pastor\/\"><em>Farishta<\/em><\/a> (2017), per adonar-nos que aix\u00f2 \u00e9s aix\u00ed. Ara b\u00e9, <strong>aquesta envejable condici\u00f3 segurament t\u00e9 molt a veure amb la repercussi\u00f3 que va tenir ja fa for\u00e7a anys (2008) el segon dels seus llibres, el que ressenyem precisament avui: <em>La mala dona<\/em>.<\/strong><\/p><\/div><\/div><\/div><\/div><\/div><\/section><\/div> <a href=\"https:\/\/elbiblionauta.com\/ca\/2015\/07\/27\/segona-fundacio-1953-isaac-asimov\/#more-8025\" class=\"more-link elementor-more-link\"><span aria-label=\"Continua llegint SEGONA FUNDACI\u00d3 (1953) &#8211; Isaac Asimov\">(m\u00e9s&hellip;)<\/span><\/a>","protected":false},"excerpt":{"rendered":"<p>RESSENYA LA MALA DONA (2008) \u2013 Marc Pastor Novel\u00b7la inquietant sobre un dels personatges m\u00e9s enigm\u00e0tics i terror\u00edfics de la hist\u00f2ria barcelonina. Share on facebook Share on twitter Share on<\/p>\n","protected":false},"author":1,"featured_media":20746,"comment_status":"open","ping_status":"open","sticky":false,"template":"","format":"standard","meta":{"_jetpack_memberships_contains_paid_content":false,"footnotes":"","jetpack_publicize_message":"Ens n'anem de vacances fins al setembre, per\u00f2 us volem deixar una \u00faltima recomanaci\u00f3 llibresca. No \u00e9s actual, per\u00f2 sempre \u00e9s un bon moment per llegir \"La mala dona\", de Marc Pastor. Quasi podr\u00edem dir que amb ella va comen\u00e7ar tot...","jetpack_publicize_feature_enabled":true,"jetpack_social_post_already_shared":true,"jetpack_social_options":{"image_generator_settings":{"template":"highway","default_image_id":0,"font":"","enabled":false},"version":2},"_links_to":"","_links_to_target":""},"categories":[473,290],"tags":[929,588,243],"class_list":["post-18133","post","type-post","status-publish","format-standard","has-post-thumbnail","hentry","category-ressenya","category-terror","tag-millor-llibre-cificat","tag-pastor_marc","tag-cfft-en-catala"],"yoast_head":"<!-- This site is optimized with the Yoast SEO plugin v27.5 - https:\/\/yoast.com\/product\/yoast-seo-wordpress\/ -->\n<title>LA MALA DONA (2008) - Marc Pastor | El Biblionauta<\/title>\n<meta name=\"robots\" content=\"index, follow, max-snippet:-1, max-image-preview:large, max-video-preview:-1\" \/>\n<link rel=\"canonical\" href=\"https:\/\/elbiblionauta.com\/ca\/2017\/07\/31\/la-mala-dona-2008-marc-pastor\/\" \/>\n<meta property=\"og:locale\" content=\"ca_ES\" \/>\n<meta property=\"og:type\" content=\"article\" \/>\n<meta property=\"og:title\" content=\"LA MALA DONA (2008) - Marc Pastor | El Biblionauta\" \/>\n<meta property=\"og:description\" content=\"RESSENYA LA MALA DONA (2008) \u2013 Marc Pastor Novel\u00b7la inquietant sobre un dels personatges m\u00e9s enigm\u00e0tics i terror\u00edfics de la hist\u00f2ria barcelonina. Share on facebook Share on twitter Share on\" \/>\n<meta property=\"og:url\" content=\"https:\/\/elbiblionauta.com\/ca\/2017\/07\/31\/la-mala-dona-2008-marc-pastor\/\" \/>\n<meta property=\"og:site_name\" content=\"El Biblionauta\" \/>\n<meta property=\"article:publisher\" content=\"https:\/\/www.facebook.com\/ElBiblionauta\" \/>\n<meta property=\"article:author\" content=\"https:\/\/www.facebook.com\/dgmas\" \/>\n<meta property=\"article:published_time\" content=\"2017-07-31T05:00:00+00:00\" \/>\n<meta property=\"article:modified_time\" content=\"2021-09-03T20:34:47+00:00\" \/>\n<meta property=\"og:image\" content=\"https:\/\/elbiblionauta.com\/ca\/wp-content\/uploads\/2017\/07\/la-mala-dona-recomanat.jpg\" \/>\n\t<meta property=\"og:image:width\" content=\"1200\" \/>\n\t<meta property=\"og:image:height\" content=\"1802\" \/>\n\t<meta property=\"og:image:type\" content=\"image\/jpeg\" \/>\n<meta name=\"author\" content=\"Daniel Gen\u00eds\" \/>\n<meta name=\"twitter:card\" content=\"summary_large_image\" \/>\n<meta name=\"twitter:creator\" content=\"@https:\/\/twitter.com\/DanielGenis\" \/>\n<meta name=\"twitter:site\" content=\"@ElBiblionauta\" \/>\n<meta name=\"twitter:label1\" content=\"Escrit per\" \/>\n\t<meta name=\"twitter:data1\" content=\"Daniel Gen\u00eds\" \/>\n\t<meta name=\"twitter:label2\" content=\"Temps estimat de lectura\" \/>\n\t<meta name=\"twitter:data2\" content=\"12 minuts\" \/>\n<script type=\"application\/ld+json\" class=\"yoast-schema-graph\">{\"@context\":\"https:\\\/\\\/schema.org\",\"@graph\":[{\"@type\":\"Article\",\"@id\":\"https:\\\/\\\/elbiblionauta.com\\\/ca\\\/2017\\\/07\\\/31\\\/la-mala-dona-2008-marc-pastor\\\/#article\",\"isPartOf\":{\"@id\":\"https:\\\/\\\/elbiblionauta.com\\\/ca\\\/2017\\\/07\\\/31\\\/la-mala-dona-2008-marc-pastor\\\/\"},\"author\":{\"name\":\"Daniel Gen\u00eds\",\"@id\":\"https:\\\/\\\/elbiblionauta.com\\\/ca\\\/#\\\/schema\\\/person\\\/160d3487a7f8519ad10540adacbbec31\"},\"headline\":\"LA MALA DONA (2008) &#8211; Marc Pastor\",\"datePublished\":\"2017-07-31T05:00:00+00:00\",\"dateModified\":\"2021-09-03T20:34:47+00:00\",\"mainEntityOfPage\":{\"@id\":\"https:\\\/\\\/elbiblionauta.com\\\/ca\\\/2017\\\/07\\\/31\\\/la-mala-dona-2008-marc-pastor\\\/\"},\"wordCount\":1366,\"commentCount\":0,\"publisher\":{\"@id\":\"https:\\\/\\\/elbiblionauta.com\\\/ca\\\/#organization\"},\"image\":{\"@id\":\"https:\\\/\\\/elbiblionauta.com\\\/ca\\\/2017\\\/07\\\/31\\\/la-mala-dona-2008-marc-pastor\\\/#primaryimage\"},\"thumbnailUrl\":\"https:\\\/\\\/elbiblionauta.com\\\/ca\\\/wp-content\\\/uploads\\\/2017\\\/07\\\/la-mala-dona-recomanat.jpg\",\"keywords\":[\"Millor llibre CiFiCat\",\"Pastor_Marc\",\"Ressenya CiFiCat\"],\"articleSection\":[\"Ressenya\",\"Terror\"],\"inLanguage\":\"ca\",\"potentialAction\":[{\"@type\":\"CommentAction\",\"name\":\"Comment\",\"target\":[\"https:\\\/\\\/elbiblionauta.com\\\/ca\\\/2017\\\/07\\\/31\\\/la-mala-dona-2008-marc-pastor\\\/#respond\"]}]},{\"@type\":\"WebPage\",\"@id\":\"https:\\\/\\\/elbiblionauta.com\\\/ca\\\/2017\\\/07\\\/31\\\/la-mala-dona-2008-marc-pastor\\\/\",\"url\":\"https:\\\/\\\/elbiblionauta.com\\\/ca\\\/2017\\\/07\\\/31\\\/la-mala-dona-2008-marc-pastor\\\/\",\"name\":\"LA MALA DONA (2008) - Marc Pastor | El Biblionauta\",\"isPartOf\":{\"@id\":\"https:\\\/\\\/elbiblionauta.com\\\/ca\\\/#website\"},\"primaryImageOfPage\":{\"@id\":\"https:\\\/\\\/elbiblionauta.com\\\/ca\\\/2017\\\/07\\\/31\\\/la-mala-dona-2008-marc-pastor\\\/#primaryimage\"},\"image\":{\"@id\":\"https:\\\/\\\/elbiblionauta.com\\\/ca\\\/2017\\\/07\\\/31\\\/la-mala-dona-2008-marc-pastor\\\/#primaryimage\"},\"thumbnailUrl\":\"https:\\\/\\\/elbiblionauta.com\\\/ca\\\/wp-content\\\/uploads\\\/2017\\\/07\\\/la-mala-dona-recomanat.jpg\",\"datePublished\":\"2017-07-31T05:00:00+00:00\",\"dateModified\":\"2021-09-03T20:34:47+00:00\",\"breadcrumb\":{\"@id\":\"https:\\\/\\\/elbiblionauta.com\\\/ca\\\/2017\\\/07\\\/31\\\/la-mala-dona-2008-marc-pastor\\\/#breadcrumb\"},\"inLanguage\":\"ca\",\"potentialAction\":[{\"@type\":\"ReadAction\",\"target\":[\"https:\\\/\\\/elbiblionauta.com\\\/ca\\\/2017\\\/07\\\/31\\\/la-mala-dona-2008-marc-pastor\\\/\"]}]},{\"@type\":\"ImageObject\",\"inLanguage\":\"ca\",\"@id\":\"https:\\\/\\\/elbiblionauta.com\\\/ca\\\/2017\\\/07\\\/31\\\/la-mala-dona-2008-marc-pastor\\\/#primaryimage\",\"url\":\"https:\\\/\\\/elbiblionauta.com\\\/ca\\\/wp-content\\\/uploads\\\/2017\\\/07\\\/la-mala-dona-recomanat.jpg\",\"contentUrl\":\"https:\\\/\\\/elbiblionauta.com\\\/ca\\\/wp-content\\\/uploads\\\/2017\\\/07\\\/la-mala-dona-recomanat.jpg\",\"width\":1200,\"height\":1802},{\"@type\":\"BreadcrumbList\",\"@id\":\"https:\\\/\\\/elbiblionauta.com\\\/ca\\\/2017\\\/07\\\/31\\\/la-mala-dona-2008-marc-pastor\\\/#breadcrumb\",\"itemListElement\":[{\"@type\":\"ListItem\",\"position\":1,\"name\":\"Inici\",\"item\":\"https:\\\/\\\/elbiblionauta.com\\\/ca\\\/\"},{\"@type\":\"ListItem\",\"position\":2,\"name\":\"LA MALA DONA (2008) &#8211; Marc Pastor\"}]},{\"@type\":\"WebSite\",\"@id\":\"https:\\\/\\\/elbiblionauta.com\\\/ca\\\/#website\",\"url\":\"https:\\\/\\\/elbiblionauta.com\\\/ca\\\/\",\"name\":\"El Biblionauta\",\"description\":\"El teu portal de literatura fant\u00e0stica en catal\u00e0.\",\"publisher\":{\"@id\":\"https:\\\/\\\/elbiblionauta.com\\\/ca\\\/#organization\"},\"potentialAction\":[{\"@type\":\"SearchAction\",\"target\":{\"@type\":\"EntryPoint\",\"urlTemplate\":\"https:\\\/\\\/elbiblionauta.com\\\/ca\\\/?s={search_term_string}\"},\"query-input\":{\"@type\":\"PropertyValueSpecification\",\"valueRequired\":true,\"valueName\":\"search_term_string\"}}],\"inLanguage\":\"ca\"},{\"@type\":\"Organization\",\"@id\":\"https:\\\/\\\/elbiblionauta.com\\\/ca\\\/#organization\",\"name\":\"El Biblionauta\",\"url\":\"https:\\\/\\\/elbiblionauta.com\\\/ca\\\/\",\"logo\":{\"@type\":\"ImageObject\",\"inLanguage\":\"ca\",\"@id\":\"https:\\\/\\\/elbiblionauta.com\\\/ca\\\/#\\\/schema\\\/logo\\\/image\\\/\",\"url\":\"https:\\\/\\\/elbiblionauta.com\\\/ca\\\/wp-content\\\/uploads\\\/2022\\\/04\\\/logo-biblio2.png\",\"contentUrl\":\"https:\\\/\\\/elbiblionauta.com\\\/ca\\\/wp-content\\\/uploads\\\/2022\\\/04\\\/logo-biblio2.png\",\"width\":120,\"height\":120,\"caption\":\"El Biblionauta\"},\"image\":{\"@id\":\"https:\\\/\\\/elbiblionauta.com\\\/ca\\\/#\\\/schema\\\/logo\\\/image\\\/\"},\"sameAs\":[\"https:\\\/\\\/www.facebook.com\\\/ElBiblionauta\",\"https:\\\/\\\/x.com\\\/ElBiblionauta\"]},{\"@type\":\"Person\",\"@id\":\"https:\\\/\\\/elbiblionauta.com\\\/ca\\\/#\\\/schema\\\/person\\\/160d3487a7f8519ad10540adacbbec31\",\"name\":\"Daniel Gen\u00eds\",\"image\":{\"@type\":\"ImageObject\",\"inLanguage\":\"ca\",\"@id\":\"https:\\\/\\\/elbiblionauta.com\\\/ca\\\/wp-content\\\/uploads\\\/2022\\\/12\\\/dgenis23-100x100.png\",\"url\":\"https:\\\/\\\/elbiblionauta.com\\\/ca\\\/wp-content\\\/uploads\\\/2022\\\/12\\\/dgenis23-100x100.png\",\"contentUrl\":\"https:\\\/\\\/elbiblionauta.com\\\/ca\\\/wp-content\\\/uploads\\\/2022\\\/12\\\/dgenis23-100x100.png\",\"caption\":\"Daniel Gen\u00eds\"},\"description\":\"Doctor en literatura. Professor de catal\u00e0. Culturalment dispers. Exdirector de la col\u00b7lecci\u00f3 \\\"Ci\u00e8ncia-Ficci\u00f3\\\" de Pag\u00e8s Editors, actualment fa d'assessor a \\\"L'Arc\u00e0\\\" de Laertes. \u00c9s l'editor en cap de El Biblionauta.\",\"sameAs\":[\"http:\\\/\\\/danielgenis.cat\\\/\",\"https:\\\/\\\/www.facebook.com\\\/dgmas\",\"https:\\\/\\\/x.com\\\/https:\\\/\\\/twitter.com\\\/DanielGenis\"],\"url\":\"https:\\\/\\\/elbiblionauta.com\\\/ca\\\/author\\\/dgenis\\\/\"}]}<\/script>\n<!-- \/ Yoast SEO plugin. -->","yoast_head_json":{"title":"LA MALA DONA (2008) - Marc Pastor | El Biblionauta","robots":{"index":"index","follow":"follow","max-snippet":"max-snippet:-1","max-image-preview":"max-image-preview:large","max-video-preview":"max-video-preview:-1"},"canonical":"https:\/\/elbiblionauta.com\/ca\/2017\/07\/31\/la-mala-dona-2008-marc-pastor\/","og_locale":"ca_ES","og_type":"article","og_title":"LA MALA DONA (2008) - Marc Pastor | El Biblionauta","og_description":"RESSENYA LA MALA DONA (2008) \u2013 Marc Pastor Novel\u00b7la inquietant sobre un dels personatges m\u00e9s enigm\u00e0tics i terror\u00edfics de la hist\u00f2ria barcelonina. Share on facebook Share on twitter Share on","og_url":"https:\/\/elbiblionauta.com\/ca\/2017\/07\/31\/la-mala-dona-2008-marc-pastor\/","og_site_name":"El Biblionauta","article_publisher":"https:\/\/www.facebook.com\/ElBiblionauta","article_author":"https:\/\/www.facebook.com\/dgmas","article_published_time":"2017-07-31T05:00:00+00:00","article_modified_time":"2021-09-03T20:34:47+00:00","og_image":[{"width":1200,"height":1802,"url":"https:\/\/elbiblionauta.com\/ca\/wp-content\/uploads\/2017\/07\/la-mala-dona-recomanat.jpg","type":"image\/jpeg"}],"author":"Daniel Gen\u00eds","twitter_card":"summary_large_image","twitter_creator":"@https:\/\/twitter.com\/DanielGenis","twitter_site":"@ElBiblionauta","twitter_misc":{"Escrit per":"Daniel Gen\u00eds","Temps estimat de lectura":"12 minuts"},"schema":{"@context":"https:\/\/schema.org","@graph":[{"@type":"Article","@id":"https:\/\/elbiblionauta.com\/ca\/2017\/07\/31\/la-mala-dona-2008-marc-pastor\/#article","isPartOf":{"@id":"https:\/\/elbiblionauta.com\/ca\/2017\/07\/31\/la-mala-dona-2008-marc-pastor\/"},"author":{"name":"Daniel Gen\u00eds","@id":"https:\/\/elbiblionauta.com\/ca\/#\/schema\/person\/160d3487a7f8519ad10540adacbbec31"},"headline":"LA MALA DONA (2008) &#8211; Marc Pastor","datePublished":"2017-07-31T05:00:00+00:00","dateModified":"2021-09-03T20:34:47+00:00","mainEntityOfPage":{"@id":"https:\/\/elbiblionauta.com\/ca\/2017\/07\/31\/la-mala-dona-2008-marc-pastor\/"},"wordCount":1366,"commentCount":0,"publisher":{"@id":"https:\/\/elbiblionauta.com\/ca\/#organization"},"image":{"@id":"https:\/\/elbiblionauta.com\/ca\/2017\/07\/31\/la-mala-dona-2008-marc-pastor\/#primaryimage"},"thumbnailUrl":"https:\/\/elbiblionauta.com\/ca\/wp-content\/uploads\/2017\/07\/la-mala-dona-recomanat.jpg","keywords":["Millor llibre CiFiCat","Pastor_Marc","Ressenya CiFiCat"],"articleSection":["Ressenya","Terror"],"inLanguage":"ca","potentialAction":[{"@type":"CommentAction","name":"Comment","target":["https:\/\/elbiblionauta.com\/ca\/2017\/07\/31\/la-mala-dona-2008-marc-pastor\/#respond"]}]},{"@type":"WebPage","@id":"https:\/\/elbiblionauta.com\/ca\/2017\/07\/31\/la-mala-dona-2008-marc-pastor\/","url":"https:\/\/elbiblionauta.com\/ca\/2017\/07\/31\/la-mala-dona-2008-marc-pastor\/","name":"LA MALA DONA (2008) - Marc Pastor | El Biblionauta","isPartOf":{"@id":"https:\/\/elbiblionauta.com\/ca\/#website"},"primaryImageOfPage":{"@id":"https:\/\/elbiblionauta.com\/ca\/2017\/07\/31\/la-mala-dona-2008-marc-pastor\/#primaryimage"},"image":{"@id":"https:\/\/elbiblionauta.com\/ca\/2017\/07\/31\/la-mala-dona-2008-marc-pastor\/#primaryimage"},"thumbnailUrl":"https:\/\/elbiblionauta.com\/ca\/wp-content\/uploads\/2017\/07\/la-mala-dona-recomanat.jpg","datePublished":"2017-07-31T05:00:00+00:00","dateModified":"2021-09-03T20:34:47+00:00","breadcrumb":{"@id":"https:\/\/elbiblionauta.com\/ca\/2017\/07\/31\/la-mala-dona-2008-marc-pastor\/#breadcrumb"},"inLanguage":"ca","potentialAction":[{"@type":"ReadAction","target":["https:\/\/elbiblionauta.com\/ca\/2017\/07\/31\/la-mala-dona-2008-marc-pastor\/"]}]},{"@type":"ImageObject","inLanguage":"ca","@id":"https:\/\/elbiblionauta.com\/ca\/2017\/07\/31\/la-mala-dona-2008-marc-pastor\/#primaryimage","url":"https:\/\/elbiblionauta.com\/ca\/wp-content\/uploads\/2017\/07\/la-mala-dona-recomanat.jpg","contentUrl":"https:\/\/elbiblionauta.com\/ca\/wp-content\/uploads\/2017\/07\/la-mala-dona-recomanat.jpg","width":1200,"height":1802},{"@type":"BreadcrumbList","@id":"https:\/\/elbiblionauta.com\/ca\/2017\/07\/31\/la-mala-dona-2008-marc-pastor\/#breadcrumb","itemListElement":[{"@type":"ListItem","position":1,"name":"Inici","item":"https:\/\/elbiblionauta.com\/ca\/"},{"@type":"ListItem","position":2,"name":"LA MALA DONA (2008) &#8211; Marc Pastor"}]},{"@type":"WebSite","@id":"https:\/\/elbiblionauta.com\/ca\/#website","url":"https:\/\/elbiblionauta.com\/ca\/","name":"El Biblionauta","description":"El teu portal de literatura fant\u00e0stica en catal\u00e0.","publisher":{"@id":"https:\/\/elbiblionauta.com\/ca\/#organization"},"potentialAction":[{"@type":"SearchAction","target":{"@type":"EntryPoint","urlTemplate":"https:\/\/elbiblionauta.com\/ca\/?s={search_term_string}"},"query-input":{"@type":"PropertyValueSpecification","valueRequired":true,"valueName":"search_term_string"}}],"inLanguage":"ca"},{"@type":"Organization","@id":"https:\/\/elbiblionauta.com\/ca\/#organization","name":"El Biblionauta","url":"https:\/\/elbiblionauta.com\/ca\/","logo":{"@type":"ImageObject","inLanguage":"ca","@id":"https:\/\/elbiblionauta.com\/ca\/#\/schema\/logo\/image\/","url":"https:\/\/elbiblionauta.com\/ca\/wp-content\/uploads\/2022\/04\/logo-biblio2.png","contentUrl":"https:\/\/elbiblionauta.com\/ca\/wp-content\/uploads\/2022\/04\/logo-biblio2.png","width":120,"height":120,"caption":"El Biblionauta"},"image":{"@id":"https:\/\/elbiblionauta.com\/ca\/#\/schema\/logo\/image\/"},"sameAs":["https:\/\/www.facebook.com\/ElBiblionauta","https:\/\/x.com\/ElBiblionauta"]},{"@type":"Person","@id":"https:\/\/elbiblionauta.com\/ca\/#\/schema\/person\/160d3487a7f8519ad10540adacbbec31","name":"Daniel Gen\u00eds","image":{"@type":"ImageObject","inLanguage":"ca","@id":"https:\/\/elbiblionauta.com\/ca\/wp-content\/uploads\/2022\/12\/dgenis23-100x100.png","url":"https:\/\/elbiblionauta.com\/ca\/wp-content\/uploads\/2022\/12\/dgenis23-100x100.png","contentUrl":"https:\/\/elbiblionauta.com\/ca\/wp-content\/uploads\/2022\/12\/dgenis23-100x100.png","caption":"Daniel Gen\u00eds"},"description":"Doctor en literatura. Professor de catal\u00e0. Culturalment dispers. Exdirector de la col\u00b7lecci\u00f3 \"Ci\u00e8ncia-Ficci\u00f3\" de Pag\u00e8s Editors, actualment fa d'assessor a \"L'Arc\u00e0\" de Laertes. \u00c9s l'editor en cap de El Biblionauta.","sameAs":["http:\/\/danielgenis.cat\/","https:\/\/www.facebook.com\/dgmas","https:\/\/x.com\/https:\/\/twitter.com\/DanielGenis"],"url":"https:\/\/elbiblionauta.com\/ca\/author\/dgenis\/"}]}},"jetpack_publicize_connections":[],"jetpack_featured_media_url":"https:\/\/elbiblionauta.com\/ca\/wp-content\/uploads\/2017\/07\/la-mala-dona-recomanat.jpg","jetpack_sharing_enabled":true,"jetpack_likes_enabled":false,"jetpack_shortlink":"https:\/\/wp.me\/p5gpck-4It","_links":{"self":[{"href":"https:\/\/elbiblionauta.com\/ca\/wp-json\/wp\/v2\/posts\/18133","targetHints":{"allow":["GET"]}}],"collection":[{"href":"https:\/\/elbiblionauta.com\/ca\/wp-json\/wp\/v2\/posts"}],"about":[{"href":"https:\/\/elbiblionauta.com\/ca\/wp-json\/wp\/v2\/types\/post"}],"author":[{"embeddable":true,"href":"https:\/\/elbiblionauta.com\/ca\/wp-json\/wp\/v2\/users\/1"}],"replies":[{"embeddable":true,"href":"https:\/\/elbiblionauta.com\/ca\/wp-json\/wp\/v2\/comments?post=18133"}],"version-history":[{"count":0,"href":"https:\/\/elbiblionauta.com\/ca\/wp-json\/wp\/v2\/posts\/18133\/revisions"}],"wp:featuredmedia":[{"embeddable":true,"href":"https:\/\/elbiblionauta.com\/ca\/wp-json\/wp\/v2\/media\/20746"}],"wp:attachment":[{"href":"https:\/\/elbiblionauta.com\/ca\/wp-json\/wp\/v2\/media?parent=18133"}],"wp:term":[{"taxonomy":"category","embeddable":true,"href":"https:\/\/elbiblionauta.com\/ca\/wp-json\/wp\/v2\/categories?post=18133"},{"taxonomy":"post_tag","embeddable":true,"href":"https:\/\/elbiblionauta.com\/ca\/wp-json\/wp\/v2\/tags?post=18133"}],"curies":[{"name":"wp","href":"https:\/\/api.w.org\/{rel}","templated":true}]}}