{"id":15897,"date":"2017-01-27T07:00:10","date_gmt":"2017-01-27T06:00:10","guid":{"rendered":"http:\/\/elbiblionauta.com\/ca\/?p=15897"},"modified":"2021-09-03T22:42:19","modified_gmt":"2021-09-03T20:42:19","slug":"la-metamorfosi-1915-franz-kafka","status":"publish","type":"post","link":"https:\/\/elbiblionauta.com\/ca\/2017\/01\/27\/la-metamorfosi-1915-franz-kafka\/","title":{"rendered":"LA METAMORFOSI (1915) \u2013 Franz Kafka"},"content":{"rendered":"\t\t<div data-elementor-type=\"wp-post\" data-elementor-id=\"15897\" class=\"elementor elementor-15897\" data-elementor-post-type=\"post\">\n\t\t\t\t\t\t<section class=\"elementor-section elementor-top-section elementor-element elementor-element-128ef3dd elementor-section-boxed elementor-section-height-default elementor-section-height-default\" data-id=\"128ef3dd\" data-element_type=\"section\" data-e-type=\"section\">\n\t\t\t\t\t\t<div class=\"elementor-container elementor-column-gap-default\">\n\t\t\t\t\t<div class=\"elementor-column elementor-col-100 elementor-top-column elementor-element elementor-element-11dcf3af\" data-id=\"11dcf3af\" data-element_type=\"column\" data-e-type=\"column\">\n\t\t\t<div class=\"elementor-widget-wrap elementor-element-populated\">\n\t\t\t\t\t\t<div class=\"elementor-element elementor-element-a8f2c39 elementor-widget elementor-widget-heading\" data-id=\"a8f2c39\" data-element_type=\"widget\" data-e-type=\"widget\" data-widget_type=\"heading.default\">\n\t\t\t\t<div class=\"elementor-widget-container\">\n\t\t\t\t\t<h3 class=\"elementor-heading-title elementor-size-default\">RESSENYA<\/h3>\t\t\t\t<\/div>\n\t\t\t\t<\/div>\n\t\t\t\t<div class=\"elementor-element elementor-element-98c4458 elementor-widget elementor-widget-heading\" data-id=\"98c4458\" data-element_type=\"widget\" data-e-type=\"widget\" data-widget_type=\"heading.default\">\n\t\t\t\t<div class=\"elementor-widget-container\">\n\t\t\t\t\t<h1 class=\"elementor-heading-title elementor-size-default\">LA METAMORFOSI (1915) \u2013 Franz Kafka\n<\/h1>\t\t\t\t<\/div>\n\t\t\t\t<\/div>\n\t\t\t\t<div class=\"elementor-element elementor-element-7f3b15be elementor-widget elementor-widget-text-editor\" data-id=\"7f3b15be\" data-element_type=\"widget\" data-e-type=\"widget\" data-widget_type=\"text-editor.default\">\n\t\t\t\t<div class=\"elementor-widget-container\">\n\t\t\t\t\t\t\t\t\t<p>Celebrem que cl\u00e0ssics imperibles com aquest vagin trobant de tant en tant una editorial que tingui la bona pensada de posar-los al dia en la nostra llengua.<\/p>\t\t\t\t\t\t\t\t<\/div>\n\t\t\t\t<\/div>\n\t\t\t\t<section class=\"elementor-section elementor-inner-section elementor-element elementor-element-47bb19fd elementor-section-boxed elementor-section-height-default elementor-section-height-default\" data-id=\"47bb19fd\" data-element_type=\"section\" data-e-type=\"section\">\n\t\t\t\t\t\t<div class=\"elementor-container elementor-column-gap-default\">\n\t\t\t\t\t<div class=\"elementor-column elementor-col-50 elementor-inner-column elementor-element elementor-element-425fbe25\" data-id=\"425fbe25\" data-element_type=\"column\" data-e-type=\"column\">\n\t\t\t<div class=\"elementor-widget-wrap elementor-element-populated\">\n\t\t\t\t\t\t<div class=\"elementor-element elementor-element-447fe6ec elementor-author-box--avatar-yes elementor-author-box--name-yes elementor-author-box--link-no elementor-widget elementor-widget-author-box\" data-id=\"447fe6ec\" data-element_type=\"widget\" data-e-type=\"widget\" data-widget_type=\"author-box.default\">\n\t\t\t\t<div class=\"elementor-widget-container\">\n\t\t\t\t\t\t\t<div class=\"elementor-author-box\">\n\t\t\t\t\t\t\t<a href=\"https:\/\/elbiblionauta.com\/ca\/author\/aizquierdo\/\" class=\"elementor-author-box__avatar\">\n\t\t\t\t\t<img decoding=\"async\" src=\"https:\/\/elbiblionauta.com\/ca\/wp-content\/uploads\/2025\/01\/agusizquierdo_bn_500-300x300.jpg\" alt=\"Picture of Agus Izquierdo\" loading=\"lazy\"\/>\n\t\t\t\t<\/a>\n\t\t\t\n\t\t\t<div class=\"elementor-author-box__text\">\n\t\t\t\t\t\t\t\t\t<a href=\"https:\/\/elbiblionauta.com\/ca\/author\/aizquierdo\/\">\n\t\t\t\t\t\t<h1 class=\"elementor-author-box__name\">\n\t\t\t\t\t\t\tAgus Izquierdo\t\t\t\t\t\t<\/h1>\n\t\t\t\t\t<\/a>\n\t\t\t\t\n\t\t\t\t\n\t\t\t\t\t\t\t<\/div>\n\t\t<\/div>\n\t\t\t\t\t\t<\/div>\n\t\t\t\t<\/div>\n\t\t\t\t<div class=\"elementor-element elementor-element-7ffcb149 elementor-widget elementor-widget-post-info\" data-id=\"7ffcb149\" data-element_type=\"widget\" data-e-type=\"widget\" data-widget_type=\"post-info.default\">\n\t\t\t\t<div class=\"elementor-widget-container\">\n\t\t\t\t\t\t\t<ul class=\"elementor-inline-items elementor-icon-list-items elementor-post-info\">\n\t\t\t\t\t\t\t\t<li class=\"elementor-icon-list-item elementor-repeater-item-9ac5e8c elementor-inline-item\" itemprop=\"datePublished\">\n\t\t\t\t\t\t<a href=\"https:\/\/elbiblionauta.com\/ca\/2017\/01\/27\/\">\n\t\t\t\t\t\t\t\t\t\t\t<span class=\"elementor-icon-list-icon\">\n\t\t\t\t\t\t\t\t<i aria-hidden=\"true\" class=\"far fa-clock\"><\/i>\t\t\t\t\t\t\t<\/span>\n\t\t\t\t\t\t\t\t\t<span class=\"elementor-icon-list-text elementor-post-info__item elementor-post-info__item--type-date\">\n\t\t\t\t\t\t\t\t\t\t<time> 27 de gener de 2017<\/time>\t\t\t\t\t<\/span>\n\t\t\t\t\t\t\t\t\t<\/a>\n\t\t\t\t<\/li>\n\t\t\t\t<li class=\"elementor-icon-list-item elementor-repeater-item-0970ca3 elementor-inline-item\" itemprop=\"commentCount\">\n\t\t\t\t\t\t<a href=\"https:\/\/elbiblionauta.com\/ca\/2017\/01\/27\/la-metamorfosi-1915-franz-kafka\/#respond\">\n\t\t\t\t\t\t\t\t\t\t\t<span class=\"elementor-icon-list-icon\">\n\t\t\t\t\t\t\t\t<i aria-hidden=\"true\" class=\"far fa-comment-dots\"><\/i>\t\t\t\t\t\t\t<\/span>\n\t\t\t\t\t\t\t\t\t<span class=\"elementor-icon-list-text elementor-post-info__item elementor-post-info__item--type-comments\">\n\t\t\t\t\t\t\t\t\t\tSense comentaris\t\t\t\t\t<\/span>\n\t\t\t\t\t\t\t\t\t<\/a>\n\t\t\t\t<\/li>\n\t\t\t\t<\/ul>\n\t\t\t\t\t\t<\/div>\n\t\t\t\t<\/div>\n\t\t\t\t\t<\/div>\n\t\t<\/div>\n\t\t\t\t<div class=\"elementor-column elementor-col-50 elementor-inner-column elementor-element elementor-element-6b34e1b2\" data-id=\"6b34e1b2\" data-element_type=\"column\" data-e-type=\"column\">\n\t\t\t<div class=\"elementor-widget-wrap elementor-element-populated\">\n\t\t\t\t\t\t<div class=\"elementor-element elementor-element-2fc7e02f elementor-share-buttons--view-icon elementor-share-buttons--shape-circle elementor-share-buttons--align-right elementor-share-buttons-mobile--align-right elementor-hidden-phone elementor-share-buttons--skin-gradient elementor-grid-0 elementor-share-buttons--color-official elementor-widget elementor-widget-share-buttons\" data-id=\"2fc7e02f\" data-element_type=\"widget\" data-e-type=\"widget\" data-widget_type=\"share-buttons.default\">\n\t\t\t\t<div class=\"elementor-widget-container\">\n\t\t\t\t\t\t\t<div class=\"elementor-grid\" role=\"list\">\n\t\t\t\t\t\t\t\t<div class=\"elementor-grid-item\" role=\"listitem\">\n\t\t\t\t\t\t<div class=\"elementor-share-btn elementor-share-btn_facebook\" role=\"button\" tabindex=\"0\" aria-label=\"Compartici\u00f3 en facebook\">\n\t\t\t\t\t\t\t\t\t\t\t\t\t\t\t<span class=\"elementor-share-btn__icon\">\n\t\t\t\t\t\t\t\t<i class=\"fab fa-facebook\" aria-hidden=\"true\"><\/i>\t\t\t\t\t\t\t<\/span>\n\t\t\t\t\t\t\t\t\t\t\t\t\t\t\t\t\t\t\t\t<\/div>\n\t\t\t\t\t<\/div>\n\t\t\t\t\t\t\t\t\t<div class=\"elementor-grid-item\" role=\"listitem\">\n\t\t\t\t\t\t<div class=\"elementor-share-btn elementor-share-btn_twitter\" role=\"button\" tabindex=\"0\" aria-label=\"Compartici\u00f3 en twitter\">\n\t\t\t\t\t\t\t\t\t\t\t\t\t\t\t<span class=\"elementor-share-btn__icon\">\n\t\t\t\t\t\t\t\t<i class=\"fab fa-twitter\" aria-hidden=\"true\"><\/i>\t\t\t\t\t\t\t<\/span>\n\t\t\t\t\t\t\t\t\t\t\t\t\t\t\t\t\t\t\t\t<\/div>\n\t\t\t\t\t<\/div>\n\t\t\t\t\t\t\t\t\t<div class=\"elementor-grid-item\" role=\"listitem\">\n\t\t\t\t\t\t<div class=\"elementor-share-btn elementor-share-btn_whatsapp\" role=\"button\" tabindex=\"0\" aria-label=\"Compartici\u00f3 en whatsapp\">\n\t\t\t\t\t\t\t\t\t\t\t\t\t\t\t<span class=\"elementor-share-btn__icon\">\n\t\t\t\t\t\t\t\t<i class=\"fab fa-whatsapp\" aria-hidden=\"true\"><\/i>\t\t\t\t\t\t\t<\/span>\n\t\t\t\t\t\t\t\t\t\t\t\t\t\t\t\t\t\t\t\t<\/div>\n\t\t\t\t\t<\/div>\n\t\t\t\t\t\t\t\t\t<div class=\"elementor-grid-item\" role=\"listitem\">\n\t\t\t\t\t\t<div class=\"elementor-share-btn elementor-share-btn_email\" role=\"button\" tabindex=\"0\" aria-label=\"Compartici\u00f3 en email\">\n\t\t\t\t\t\t\t\t\t\t\t\t\t\t\t<span class=\"elementor-share-btn__icon\">\n\t\t\t\t\t\t\t\t<i class=\"fas fa-envelope\" aria-hidden=\"true\"><\/i>\t\t\t\t\t\t\t<\/span>\n\t\t\t\t\t\t\t\t\t\t\t\t\t\t\t\t\t\t\t\t<\/div>\n\t\t\t\t\t<\/div>\n\t\t\t\t\t\t\t\t\t<div class=\"elementor-grid-item\" role=\"listitem\">\n\t\t\t\t\t\t<div class=\"elementor-share-btn elementor-share-btn_print\" role=\"button\" tabindex=\"0\" aria-label=\"Compartici\u00f3 en print\">\n\t\t\t\t\t\t\t\t\t\t\t\t\t\t\t<span class=\"elementor-share-btn__icon\">\n\t\t\t\t\t\t\t\t<i class=\"fas fa-print\" aria-hidden=\"true\"><\/i>\t\t\t\t\t\t\t<\/span>\n\t\t\t\t\t\t\t\t\t\t\t\t\t\t\t\t\t\t\t\t<\/div>\n\t\t\t\t\t<\/div>\n\t\t\t\t\t\t<\/div>\n\t\t\t\t\t\t<\/div>\n\t\t\t\t<\/div>\n\t\t\t\t\t<\/div>\n\t\t<\/div>\n\t\t\t\t\t<\/div>\n\t\t<\/section>\n\t\t\t\t\t<\/div>\n\t\t<\/div>\n\t\t\t\t\t<\/div>\n\t\t<\/section>\n\t\t\t\t<section class=\"elementor-section elementor-top-section elementor-element elementor-element-59508522 elementor-section-boxed elementor-section-height-default elementor-section-height-default\" data-id=\"59508522\" data-element_type=\"section\" data-e-type=\"section\">\n\t\t\t\t\t\t<div class=\"elementor-container elementor-column-gap-default\">\n\t\t\t\t\t<div class=\"elementor-column elementor-col-100 elementor-top-column elementor-element elementor-element-52d872ff\" data-id=\"52d872ff\" data-element_type=\"column\" data-e-type=\"column\">\n\t\t\t<div class=\"elementor-widget-wrap elementor-element-populated\">\n\t\t\t\t\t\t<div class=\"elementor-element elementor-element-9e58e0 elementor-widget-divider--view-line elementor-widget elementor-widget-divider\" data-id=\"9e58e0\" data-element_type=\"widget\" data-e-type=\"widget\" data-widget_type=\"divider.default\">\n\t\t\t\t<div class=\"elementor-widget-container\">\n\t\t\t\t\t\t\t<div class=\"elementor-divider\">\n\t\t\t<span class=\"elementor-divider-separator\">\n\t\t\t\t\t\t<\/span>\n\t\t<\/div>\n\t\t\t\t\t\t<\/div>\n\t\t\t\t<\/div>\n\t\t\t\t\t<\/div>\n\t\t<\/div>\n\t\t\t\t\t<\/div>\n\t\t<\/section>\n\t\t\t\t<section class=\"elementor-section elementor-top-section elementor-element elementor-element-20459aeb elementor-section-boxed elementor-section-height-default elementor-section-height-default\" data-id=\"20459aeb\" data-element_type=\"section\" data-e-type=\"section\">\n\t\t\t\t\t\t<div class=\"elementor-container elementor-column-gap-default\">\n\t\t\t\t\t<div class=\"elementor-column elementor-col-33 elementor-top-column elementor-element elementor-element-4bdd904a\" data-id=\"4bdd904a\" data-element_type=\"column\" data-e-type=\"column\">\n\t\t\t<div class=\"elementor-widget-wrap elementor-element-populated\">\n\t\t\t\t\t\t<div class=\"elementor-element elementor-element-27cf6f63 elementor-widget elementor-widget-image\" data-id=\"27cf6f63\" data-element_type=\"widget\" data-e-type=\"widget\" data-widget_type=\"image.default\">\n\t\t\t\t<div class=\"elementor-widget-container\">\n\t\t\t\t\t\t\t\t\t\t\t\t\t\t\t<img fetchpriority=\"high\" decoding=\"async\" width=\"683\" height=\"1024\" src=\"https:\/\/elbiblionauta.com\/ca\/wp-content\/uploads\/2017\/01\/metamorfosi.jpg\" class=\"attachment-large size-large wp-image-16488\" alt=\"\" \/>\t\t\t\t\t\t\t\t\t\t\t\t\t\t\t<\/div>\n\t\t\t\t<\/div>\n\t\t\t\t<div class=\"elementor-element elementor-element-461d1bc elementor-widget elementor-widget-text-editor\" data-id=\"461d1bc\" data-element_type=\"widget\" data-e-type=\"widget\" data-widget_type=\"text-editor.default\">\n\t\t\t\t<div class=\"elementor-widget-container\">\n\t\t\t\t\t\t\t\t\t<div><strong>Autor<\/strong>: Franz Kafka<br \/><strong>T\u00edtol<\/strong>: La Metamorfosi (Die Verwandlung)<\/div><div><strong>Editorial<\/strong>: Sembra Llibres<br \/><strong>Any<\/strong>: 2016 (1915)<br \/><strong>P\u00e0gines<\/strong>: 112<br \/><strong>ISBN<\/strong>: 978-84-16698-04-2<\/div>\t\t\t\t\t\t\t\t<\/div>\n\t\t\t\t<\/div>\n\t\t\t\t<div class=\"elementor-element elementor-element-7b0c043c elementor-widget elementor-widget-spacer\" data-id=\"7b0c043c\" data-element_type=\"widget\" data-e-type=\"widget\" data-widget_type=\"spacer.default\">\n\t\t\t\t<div class=\"elementor-widget-container\">\n\t\t\t\t\t\t\t<div class=\"elementor-spacer\">\n\t\t\t<div class=\"elementor-spacer-inner\"><\/div>\n\t\t<\/div>\n\t\t\t\t\t\t<\/div>\n\t\t\t\t<\/div>\n\t\t\t\t<div class=\"elementor-element elementor-element-98c5ba8 elementor-hidden-phone elementor-widget elementor-widget-text-editor\" data-id=\"98c5ba8\" data-element_type=\"widget\" data-e-type=\"widget\" data-widget_type=\"text-editor.default\">\n\t\t\t\t<div class=\"elementor-widget-container\">\n\t\t\t\t\t\t\t\t\t<div><span style=\"font-size: 12pt;\"><b>L&#8217;has llegit? <\/b><\/span><\/div>\n<div><span style=\"font-size: 12pt;\"><b>Valora&#8217;l<sup>*<\/sup>:<\/b><\/span><\/div>\n<div><\/div>\n<div><span id=\"post-ratings-15897\" class=\"post-ratings\"><p style=\"text-align: center\"><span style=\"font-size: 8pt\"><img decoding=\"async\" src=\"https:\/\/elbiblionauta.com\/ca\/wp-content\/plugins\/wp-postratings\/images\/stars_crystal\/rating_off.gif\" alt=\"0 votes, average: 0,00 out of 5\" title=\"0 votes, average: 0,00 out of 5\" class=\"post-ratings-image\" \/><img decoding=\"async\" src=\"https:\/\/elbiblionauta.com\/ca\/wp-content\/plugins\/wp-postratings\/images\/stars_crystal\/rating_off.gif\" alt=\"0 votes, average: 0,00 out of 5\" title=\"0 votes, average: 0,00 out of 5\" class=\"post-ratings-image\" \/><img decoding=\"async\" src=\"https:\/\/elbiblionauta.com\/ca\/wp-content\/plugins\/wp-postratings\/images\/stars_crystal\/rating_off.gif\" alt=\"0 votes, average: 0,00 out of 5\" title=\"0 votes, average: 0,00 out of 5\" class=\"post-ratings-image\" \/><img decoding=\"async\" src=\"https:\/\/elbiblionauta.com\/ca\/wp-content\/plugins\/wp-postratings\/images\/stars_crystal\/rating_off.gif\" alt=\"0 votes, average: 0,00 out of 5\" title=\"0 votes, average: 0,00 out of 5\" class=\"post-ratings-image\" \/><img decoding=\"async\" src=\"https:\/\/elbiblionauta.com\/ca\/wp-content\/plugins\/wp-postratings\/images\/stars_crystal\/rating_off.gif\" alt=\"0 votes, average: 0,00 out of 5\" title=\"0 votes, average: 0,00 out of 5\" class=\"post-ratings-image\" \/> Vots emesos: <em><strong>0.<\/strong>Mitjana: <strong>0,00<\/strong> sobre 5.<\/em><em>*Has d&#8217;<a href=\"https:\/\/elbiblionauta.com\/ca\/wp-login\/\" target=\"_self\" rel=\"noopener\">iniciar sessi\u00f3<\/a>.<\/em><\/span><\/p><\/span><span id=\"post-ratings-15897-loading\" class=\"post-ratings-loading\"><img decoding=\"async\" src=\"https:\/\/elbiblionauta.com\/ca\/wp-content\/plugins\/wp-postratings\/images\/loading.gif\" width=\"16\" height=\"16\" class=\"post-ratings-image\" \/>Loading&#8230;<\/span><\/div>\t\t\t\t\t\t\t\t<\/div>\n\t\t\t\t<\/div>\n\t\t\t\t\t<\/div>\n\t\t<\/div>\n\t\t\t\t<div class=\"elementor-column elementor-col-33 elementor-top-column elementor-element elementor-element-6655a587\" data-id=\"6655a587\" data-element_type=\"column\" data-e-type=\"column\">\n\t\t\t<div class=\"elementor-widget-wrap elementor-element-populated\">\n\t\t\t\t\t\t<div class=\"elementor-element elementor-element-5308c567 elementor-widget elementor-widget-text-editor\" data-id=\"5308c567\" data-element_type=\"widget\" data-e-type=\"widget\" data-widget_type=\"text-editor.default\">\n\t\t\t\t<div class=\"elementor-widget-container\">\n\t\t\t\t\t\t\t\t\t<p>Poques aportacions es poden afegir d\u2019una obra tan universal com \u00e9s <em>La Metamorfosi<\/em> de<a href=\"https:\/\/ca.wikipedia.org\/wiki\/Franz_Kafka\"> <strong>Franz Kafka<\/strong><\/a>. Un llibre que ha ascendit al cel de la hist\u00f2ria de la literatura per la seva frescor, tot gr\u00e0cies al desplegament d\u2019una maquin\u00e0ria descriptiva exemplar. Es tracta d\u2019un d\u2019aquells escrits intocables, pel seu context i el seu poder, amb el qual s\u2019han d\u2019activar totes les precaucions a l\u2019hora de fer-li refer\u00e8ncia. El que no suposa en cap cas un pecat \u00e9s rellegir-la i redescobrir-la. Sembra ens facilita l\u2019oportunitat de tornar a viure aquest viatge surrealista, amb l\u2019excel\u00b7lent traducci\u00f3 de <strong>Marta Pera Cucurell<\/strong>. Com passa amb Par\u00eds, ciutat a la qual li \u00e9s atribu\u00efda una propietat d\u2019inevitable imantaci\u00f3, sempre es torna a<em> La Metamorfosi<\/em>.<\/p><\/div><\/div><\/div><\/div><\/div><\/section><\/div> <a href=\"https:\/\/elbiblionauta.com\/ca\/2014\/09\/20\/simulacions-de-vida\/#more-5782\" class=\"more-link elementor-more-link\"><span aria-label=\"Continua llegint SIMULACIONS DE VIDA (2014) &#8211; Enric Herce\">(m\u00e9s&hellip;)<\/span><\/a>","protected":false},"excerpt":{"rendered":"<p>RESSENYA LA METAMORFOSI (1915) \u2013 Franz Kafka Celebrem que cl\u00e0ssics imperibles com aquest vagin trobant de tant en tant una editorial que tingui la bona pensada de posar-los al dia<\/p>\n","protected":false},"author":20,"featured_media":16488,"comment_status":"open","ping_status":"open","sticky":false,"template":"","format":"standard","meta":{"_jetpack_memberships_contains_paid_content":false,"footnotes":"","jetpack_publicize_message":"L'Agus Izquierdo ens regala avui una ressenya extraordin\u00e0ria i aprofundida de la revisitaci\u00f3 que ha fet l'editorial Sembra Llibres a un dels cl\u00e0ssics immortals de la literatura de tots els temps.","jetpack_publicize_feature_enabled":true,"jetpack_social_post_already_shared":true,"jetpack_social_options":{"image_generator_settings":{"template":"highway","default_image_id":0,"font":"","enabled":false},"version":2},"_links_to":"","_links_to_target":""},"categories":[257,473],"tags":[779,243],"class_list":["post-15897","post","type-post","status-publish","format-standard","has-post-thumbnail","hentry","category-fantasia","category-ressenya","tag-kafka_franz","tag-cfft-en-catala"],"yoast_head":"<!-- This site is optimized with the Yoast SEO plugin v27.5 - https:\/\/yoast.com\/product\/yoast-seo-wordpress\/ -->\n<title>LA METAMORFOSI (1915) \u2013 Franz Kafka | El Biblionauta<\/title>\n<meta name=\"robots\" content=\"index, follow, max-snippet:-1, max-image-preview:large, max-video-preview:-1\" \/>\n<link rel=\"canonical\" href=\"https:\/\/elbiblionauta.com\/ca\/2017\/01\/27\/la-metamorfosi-1915-franz-kafka\/\" \/>\n<meta property=\"og:locale\" content=\"ca_ES\" \/>\n<meta property=\"og:type\" content=\"article\" \/>\n<meta property=\"og:title\" content=\"LA METAMORFOSI (1915) \u2013 Franz Kafka | El Biblionauta\" \/>\n<meta property=\"og:description\" content=\"RESSENYA LA METAMORFOSI (1915) \u2013 Franz Kafka Celebrem que cl\u00e0ssics imperibles com aquest vagin trobant de tant en tant una editorial que tingui la bona pensada de posar-los al dia\" \/>\n<meta property=\"og:url\" content=\"https:\/\/elbiblionauta.com\/ca\/2017\/01\/27\/la-metamorfosi-1915-franz-kafka\/\" \/>\n<meta property=\"og:site_name\" content=\"El Biblionauta\" \/>\n<meta property=\"article:publisher\" content=\"https:\/\/www.facebook.com\/ElBiblionauta\" \/>\n<meta property=\"article:author\" content=\"https:\/\/www.facebook.com\/agusleft\" \/>\n<meta property=\"article:published_time\" content=\"2017-01-27T06:00:10+00:00\" \/>\n<meta property=\"article:modified_time\" content=\"2021-09-03T20:42:19+00:00\" \/>\n<meta property=\"og:image\" content=\"https:\/\/elbiblionauta.com\/ca\/wp-content\/uploads\/2017\/01\/metamorfosi.jpg\" \/>\n\t<meta property=\"og:image:width\" content=\"1200\" \/>\n\t<meta property=\"og:image:height\" content=\"1800\" \/>\n\t<meta property=\"og:image:type\" content=\"image\/jpeg\" \/>\n<meta name=\"author\" content=\"Agus Izquierdo\" \/>\n<meta name=\"twitter:card\" content=\"summary_large_image\" \/>\n<meta name=\"twitter:creator\" content=\"@https:\/\/twitter.com\/agus_8\" \/>\n<meta name=\"twitter:site\" content=\"@ElBiblionauta\" \/>\n<meta name=\"twitter:label1\" content=\"Escrit per\" \/>\n\t<meta name=\"twitter:data1\" content=\"Agus Izquierdo\" \/>\n\t<meta name=\"twitter:label2\" content=\"Temps estimat de lectura\" \/>\n\t<meta name=\"twitter:data2\" content=\"11 minuts\" \/>\n<script type=\"application\/ld+json\" class=\"yoast-schema-graph\">{\"@context\":\"https:\\\/\\\/schema.org\",\"@graph\":[{\"@type\":\"Article\",\"@id\":\"https:\\\/\\\/elbiblionauta.com\\\/ca\\\/2017\\\/01\\\/27\\\/la-metamorfosi-1915-franz-kafka\\\/#article\",\"isPartOf\":{\"@id\":\"https:\\\/\\\/elbiblionauta.com\\\/ca\\\/2017\\\/01\\\/27\\\/la-metamorfosi-1915-franz-kafka\\\/\"},\"author\":{\"name\":\"Agus Izquierdo\",\"@id\":\"https:\\\/\\\/elbiblionauta.com\\\/ca\\\/#\\\/schema\\\/person\\\/a0e9d7646ae33418dfdf552d87389137\"},\"headline\":\"LA METAMORFOSI (1915) \u2013 Franz Kafka\",\"datePublished\":\"2017-01-27T06:00:10+00:00\",\"dateModified\":\"2021-09-03T20:42:19+00:00\",\"mainEntityOfPage\":{\"@id\":\"https:\\\/\\\/elbiblionauta.com\\\/ca\\\/2017\\\/01\\\/27\\\/la-metamorfosi-1915-franz-kafka\\\/\"},\"wordCount\":1179,\"commentCount\":0,\"publisher\":{\"@id\":\"https:\\\/\\\/elbiblionauta.com\\\/ca\\\/#organization\"},\"image\":{\"@id\":\"https:\\\/\\\/elbiblionauta.com\\\/ca\\\/2017\\\/01\\\/27\\\/la-metamorfosi-1915-franz-kafka\\\/#primaryimage\"},\"thumbnailUrl\":\"https:\\\/\\\/elbiblionauta.com\\\/ca\\\/wp-content\\\/uploads\\\/2017\\\/01\\\/metamorfosi.jpg\",\"keywords\":[\"Kafka_Franz\",\"Ressenya CiFiCat\"],\"articleSection\":[\"Fantasia\",\"Ressenya\"],\"inLanguage\":\"ca\",\"potentialAction\":[{\"@type\":\"CommentAction\",\"name\":\"Comment\",\"target\":[\"https:\\\/\\\/elbiblionauta.com\\\/ca\\\/2017\\\/01\\\/27\\\/la-metamorfosi-1915-franz-kafka\\\/#respond\"]}]},{\"@type\":\"WebPage\",\"@id\":\"https:\\\/\\\/elbiblionauta.com\\\/ca\\\/2017\\\/01\\\/27\\\/la-metamorfosi-1915-franz-kafka\\\/\",\"url\":\"https:\\\/\\\/elbiblionauta.com\\\/ca\\\/2017\\\/01\\\/27\\\/la-metamorfosi-1915-franz-kafka\\\/\",\"name\":\"LA METAMORFOSI (1915) \u2013 Franz Kafka | El Biblionauta\",\"isPartOf\":{\"@id\":\"https:\\\/\\\/elbiblionauta.com\\\/ca\\\/#website\"},\"primaryImageOfPage\":{\"@id\":\"https:\\\/\\\/elbiblionauta.com\\\/ca\\\/2017\\\/01\\\/27\\\/la-metamorfosi-1915-franz-kafka\\\/#primaryimage\"},\"image\":{\"@id\":\"https:\\\/\\\/elbiblionauta.com\\\/ca\\\/2017\\\/01\\\/27\\\/la-metamorfosi-1915-franz-kafka\\\/#primaryimage\"},\"thumbnailUrl\":\"https:\\\/\\\/elbiblionauta.com\\\/ca\\\/wp-content\\\/uploads\\\/2017\\\/01\\\/metamorfosi.jpg\",\"datePublished\":\"2017-01-27T06:00:10+00:00\",\"dateModified\":\"2021-09-03T20:42:19+00:00\",\"breadcrumb\":{\"@id\":\"https:\\\/\\\/elbiblionauta.com\\\/ca\\\/2017\\\/01\\\/27\\\/la-metamorfosi-1915-franz-kafka\\\/#breadcrumb\"},\"inLanguage\":\"ca\",\"potentialAction\":[{\"@type\":\"ReadAction\",\"target\":[\"https:\\\/\\\/elbiblionauta.com\\\/ca\\\/2017\\\/01\\\/27\\\/la-metamorfosi-1915-franz-kafka\\\/\"]}]},{\"@type\":\"ImageObject\",\"inLanguage\":\"ca\",\"@id\":\"https:\\\/\\\/elbiblionauta.com\\\/ca\\\/2017\\\/01\\\/27\\\/la-metamorfosi-1915-franz-kafka\\\/#primaryimage\",\"url\":\"https:\\\/\\\/elbiblionauta.com\\\/ca\\\/wp-content\\\/uploads\\\/2017\\\/01\\\/metamorfosi.jpg\",\"contentUrl\":\"https:\\\/\\\/elbiblionauta.com\\\/ca\\\/wp-content\\\/uploads\\\/2017\\\/01\\\/metamorfosi.jpg\",\"width\":1200,\"height\":1800},{\"@type\":\"BreadcrumbList\",\"@id\":\"https:\\\/\\\/elbiblionauta.com\\\/ca\\\/2017\\\/01\\\/27\\\/la-metamorfosi-1915-franz-kafka\\\/#breadcrumb\",\"itemListElement\":[{\"@type\":\"ListItem\",\"position\":1,\"name\":\"Inici\",\"item\":\"https:\\\/\\\/elbiblionauta.com\\\/ca\\\/\"},{\"@type\":\"ListItem\",\"position\":2,\"name\":\"LA METAMORFOSI (1915) \u2013 Franz Kafka\"}]},{\"@type\":\"WebSite\",\"@id\":\"https:\\\/\\\/elbiblionauta.com\\\/ca\\\/#website\",\"url\":\"https:\\\/\\\/elbiblionauta.com\\\/ca\\\/\",\"name\":\"El Biblionauta\",\"description\":\"El teu portal de literatura fant\u00e0stica en catal\u00e0.\",\"publisher\":{\"@id\":\"https:\\\/\\\/elbiblionauta.com\\\/ca\\\/#organization\"},\"potentialAction\":[{\"@type\":\"SearchAction\",\"target\":{\"@type\":\"EntryPoint\",\"urlTemplate\":\"https:\\\/\\\/elbiblionauta.com\\\/ca\\\/?s={search_term_string}\"},\"query-input\":{\"@type\":\"PropertyValueSpecification\",\"valueRequired\":true,\"valueName\":\"search_term_string\"}}],\"inLanguage\":\"ca\"},{\"@type\":\"Organization\",\"@id\":\"https:\\\/\\\/elbiblionauta.com\\\/ca\\\/#organization\",\"name\":\"El Biblionauta\",\"url\":\"https:\\\/\\\/elbiblionauta.com\\\/ca\\\/\",\"logo\":{\"@type\":\"ImageObject\",\"inLanguage\":\"ca\",\"@id\":\"https:\\\/\\\/elbiblionauta.com\\\/ca\\\/#\\\/schema\\\/logo\\\/image\\\/\",\"url\":\"https:\\\/\\\/elbiblionauta.com\\\/ca\\\/wp-content\\\/uploads\\\/2022\\\/04\\\/logo-biblio2.png\",\"contentUrl\":\"https:\\\/\\\/elbiblionauta.com\\\/ca\\\/wp-content\\\/uploads\\\/2022\\\/04\\\/logo-biblio2.png\",\"width\":120,\"height\":120,\"caption\":\"El Biblionauta\"},\"image\":{\"@id\":\"https:\\\/\\\/elbiblionauta.com\\\/ca\\\/#\\\/schema\\\/logo\\\/image\\\/\"},\"sameAs\":[\"https:\\\/\\\/www.facebook.com\\\/ElBiblionauta\",\"https:\\\/\\\/x.com\\\/ElBiblionauta\"]},{\"@type\":\"Person\",\"@id\":\"https:\\\/\\\/elbiblionauta.com\\\/ca\\\/#\\\/schema\\\/person\\\/a0e9d7646ae33418dfdf552d87389137\",\"name\":\"Agus Izquierdo\",\"image\":{\"@type\":\"ImageObject\",\"inLanguage\":\"ca\",\"@id\":\"https:\\\/\\\/elbiblionauta.com\\\/ca\\\/wp-content\\\/uploads\\\/2025\\\/01\\\/agusizquierdo_bn_500-150x150.jpg\",\"url\":\"https:\\\/\\\/elbiblionauta.com\\\/ca\\\/wp-content\\\/uploads\\\/2025\\\/01\\\/agusizquierdo_bn_500-150x150.jpg\",\"contentUrl\":\"https:\\\/\\\/elbiblionauta.com\\\/ca\\\/wp-content\\\/uploads\\\/2025\\\/01\\\/agusizquierdo_bn_500-150x150.jpg\",\"caption\":\"Agus Izquierdo\"},\"description\":\"Estudiant de filosofia. Blogger a Le miau noir i a Pantalla abierta, entre d\u2019altres. Tamb\u00e9 el podeu llegir a @nuvol_com.\",\"sameAs\":[\"https:\\\/\\\/www.facebook.com\\\/agusleft\",\"https:\\\/\\\/x.com\\\/https:\\\/\\\/twitter.com\\\/agus_8\"],\"url\":\"https:\\\/\\\/elbiblionauta.com\\\/ca\\\/author\\\/aizquierdo\\\/\"}]}<\/script>\n<!-- \/ Yoast SEO plugin. -->","yoast_head_json":{"title":"LA METAMORFOSI (1915) \u2013 Franz Kafka | El Biblionauta","robots":{"index":"index","follow":"follow","max-snippet":"max-snippet:-1","max-image-preview":"max-image-preview:large","max-video-preview":"max-video-preview:-1"},"canonical":"https:\/\/elbiblionauta.com\/ca\/2017\/01\/27\/la-metamorfosi-1915-franz-kafka\/","og_locale":"ca_ES","og_type":"article","og_title":"LA METAMORFOSI (1915) \u2013 Franz Kafka | El Biblionauta","og_description":"RESSENYA LA METAMORFOSI (1915) \u2013 Franz Kafka Celebrem que cl\u00e0ssics imperibles com aquest vagin trobant de tant en tant una editorial que tingui la bona pensada de posar-los al dia","og_url":"https:\/\/elbiblionauta.com\/ca\/2017\/01\/27\/la-metamorfosi-1915-franz-kafka\/","og_site_name":"El Biblionauta","article_publisher":"https:\/\/www.facebook.com\/ElBiblionauta","article_author":"https:\/\/www.facebook.com\/agusleft","article_published_time":"2017-01-27T06:00:10+00:00","article_modified_time":"2021-09-03T20:42:19+00:00","og_image":[{"width":1200,"height":1800,"url":"https:\/\/elbiblionauta.com\/ca\/wp-content\/uploads\/2017\/01\/metamorfosi.jpg","type":"image\/jpeg"}],"author":"Agus Izquierdo","twitter_card":"summary_large_image","twitter_creator":"@https:\/\/twitter.com\/agus_8","twitter_site":"@ElBiblionauta","twitter_misc":{"Escrit per":"Agus Izquierdo","Temps estimat de lectura":"11 minuts"},"schema":{"@context":"https:\/\/schema.org","@graph":[{"@type":"Article","@id":"https:\/\/elbiblionauta.com\/ca\/2017\/01\/27\/la-metamorfosi-1915-franz-kafka\/#article","isPartOf":{"@id":"https:\/\/elbiblionauta.com\/ca\/2017\/01\/27\/la-metamorfosi-1915-franz-kafka\/"},"author":{"name":"Agus Izquierdo","@id":"https:\/\/elbiblionauta.com\/ca\/#\/schema\/person\/a0e9d7646ae33418dfdf552d87389137"},"headline":"LA METAMORFOSI (1915) \u2013 Franz Kafka","datePublished":"2017-01-27T06:00:10+00:00","dateModified":"2021-09-03T20:42:19+00:00","mainEntityOfPage":{"@id":"https:\/\/elbiblionauta.com\/ca\/2017\/01\/27\/la-metamorfosi-1915-franz-kafka\/"},"wordCount":1179,"commentCount":0,"publisher":{"@id":"https:\/\/elbiblionauta.com\/ca\/#organization"},"image":{"@id":"https:\/\/elbiblionauta.com\/ca\/2017\/01\/27\/la-metamorfosi-1915-franz-kafka\/#primaryimage"},"thumbnailUrl":"https:\/\/elbiblionauta.com\/ca\/wp-content\/uploads\/2017\/01\/metamorfosi.jpg","keywords":["Kafka_Franz","Ressenya CiFiCat"],"articleSection":["Fantasia","Ressenya"],"inLanguage":"ca","potentialAction":[{"@type":"CommentAction","name":"Comment","target":["https:\/\/elbiblionauta.com\/ca\/2017\/01\/27\/la-metamorfosi-1915-franz-kafka\/#respond"]}]},{"@type":"WebPage","@id":"https:\/\/elbiblionauta.com\/ca\/2017\/01\/27\/la-metamorfosi-1915-franz-kafka\/","url":"https:\/\/elbiblionauta.com\/ca\/2017\/01\/27\/la-metamorfosi-1915-franz-kafka\/","name":"LA METAMORFOSI (1915) \u2013 Franz Kafka | El Biblionauta","isPartOf":{"@id":"https:\/\/elbiblionauta.com\/ca\/#website"},"primaryImageOfPage":{"@id":"https:\/\/elbiblionauta.com\/ca\/2017\/01\/27\/la-metamorfosi-1915-franz-kafka\/#primaryimage"},"image":{"@id":"https:\/\/elbiblionauta.com\/ca\/2017\/01\/27\/la-metamorfosi-1915-franz-kafka\/#primaryimage"},"thumbnailUrl":"https:\/\/elbiblionauta.com\/ca\/wp-content\/uploads\/2017\/01\/metamorfosi.jpg","datePublished":"2017-01-27T06:00:10+00:00","dateModified":"2021-09-03T20:42:19+00:00","breadcrumb":{"@id":"https:\/\/elbiblionauta.com\/ca\/2017\/01\/27\/la-metamorfosi-1915-franz-kafka\/#breadcrumb"},"inLanguage":"ca","potentialAction":[{"@type":"ReadAction","target":["https:\/\/elbiblionauta.com\/ca\/2017\/01\/27\/la-metamorfosi-1915-franz-kafka\/"]}]},{"@type":"ImageObject","inLanguage":"ca","@id":"https:\/\/elbiblionauta.com\/ca\/2017\/01\/27\/la-metamorfosi-1915-franz-kafka\/#primaryimage","url":"https:\/\/elbiblionauta.com\/ca\/wp-content\/uploads\/2017\/01\/metamorfosi.jpg","contentUrl":"https:\/\/elbiblionauta.com\/ca\/wp-content\/uploads\/2017\/01\/metamorfosi.jpg","width":1200,"height":1800},{"@type":"BreadcrumbList","@id":"https:\/\/elbiblionauta.com\/ca\/2017\/01\/27\/la-metamorfosi-1915-franz-kafka\/#breadcrumb","itemListElement":[{"@type":"ListItem","position":1,"name":"Inici","item":"https:\/\/elbiblionauta.com\/ca\/"},{"@type":"ListItem","position":2,"name":"LA METAMORFOSI (1915) \u2013 Franz Kafka"}]},{"@type":"WebSite","@id":"https:\/\/elbiblionauta.com\/ca\/#website","url":"https:\/\/elbiblionauta.com\/ca\/","name":"El Biblionauta","description":"El teu portal de literatura fant\u00e0stica en catal\u00e0.","publisher":{"@id":"https:\/\/elbiblionauta.com\/ca\/#organization"},"potentialAction":[{"@type":"SearchAction","target":{"@type":"EntryPoint","urlTemplate":"https:\/\/elbiblionauta.com\/ca\/?s={search_term_string}"},"query-input":{"@type":"PropertyValueSpecification","valueRequired":true,"valueName":"search_term_string"}}],"inLanguage":"ca"},{"@type":"Organization","@id":"https:\/\/elbiblionauta.com\/ca\/#organization","name":"El Biblionauta","url":"https:\/\/elbiblionauta.com\/ca\/","logo":{"@type":"ImageObject","inLanguage":"ca","@id":"https:\/\/elbiblionauta.com\/ca\/#\/schema\/logo\/image\/","url":"https:\/\/elbiblionauta.com\/ca\/wp-content\/uploads\/2022\/04\/logo-biblio2.png","contentUrl":"https:\/\/elbiblionauta.com\/ca\/wp-content\/uploads\/2022\/04\/logo-biblio2.png","width":120,"height":120,"caption":"El Biblionauta"},"image":{"@id":"https:\/\/elbiblionauta.com\/ca\/#\/schema\/logo\/image\/"},"sameAs":["https:\/\/www.facebook.com\/ElBiblionauta","https:\/\/x.com\/ElBiblionauta"]},{"@type":"Person","@id":"https:\/\/elbiblionauta.com\/ca\/#\/schema\/person\/a0e9d7646ae33418dfdf552d87389137","name":"Agus Izquierdo","image":{"@type":"ImageObject","inLanguage":"ca","@id":"https:\/\/elbiblionauta.com\/ca\/wp-content\/uploads\/2025\/01\/agusizquierdo_bn_500-150x150.jpg","url":"https:\/\/elbiblionauta.com\/ca\/wp-content\/uploads\/2025\/01\/agusizquierdo_bn_500-150x150.jpg","contentUrl":"https:\/\/elbiblionauta.com\/ca\/wp-content\/uploads\/2025\/01\/agusizquierdo_bn_500-150x150.jpg","caption":"Agus Izquierdo"},"description":"Estudiant de filosofia. Blogger a Le miau noir i a Pantalla abierta, entre d\u2019altres. Tamb\u00e9 el podeu llegir a @nuvol_com.","sameAs":["https:\/\/www.facebook.com\/agusleft","https:\/\/x.com\/https:\/\/twitter.com\/agus_8"],"url":"https:\/\/elbiblionauta.com\/ca\/author\/aizquierdo\/"}]}},"jetpack_publicize_connections":[],"jetpack_featured_media_url":"https:\/\/elbiblionauta.com\/ca\/wp-content\/uploads\/2017\/01\/metamorfosi.jpg","jetpack_sharing_enabled":true,"jetpack_likes_enabled":false,"jetpack_shortlink":"https:\/\/wp.me\/p5gpck-48p","_links":{"self":[{"href":"https:\/\/elbiblionauta.com\/ca\/wp-json\/wp\/v2\/posts\/15897","targetHints":{"allow":["GET"]}}],"collection":[{"href":"https:\/\/elbiblionauta.com\/ca\/wp-json\/wp\/v2\/posts"}],"about":[{"href":"https:\/\/elbiblionauta.com\/ca\/wp-json\/wp\/v2\/types\/post"}],"author":[{"embeddable":true,"href":"https:\/\/elbiblionauta.com\/ca\/wp-json\/wp\/v2\/users\/20"}],"replies":[{"embeddable":true,"href":"https:\/\/elbiblionauta.com\/ca\/wp-json\/wp\/v2\/comments?post=15897"}],"version-history":[{"count":0,"href":"https:\/\/elbiblionauta.com\/ca\/wp-json\/wp\/v2\/posts\/15897\/revisions"}],"wp:featuredmedia":[{"embeddable":true,"href":"https:\/\/elbiblionauta.com\/ca\/wp-json\/wp\/v2\/media\/16488"}],"wp:attachment":[{"href":"https:\/\/elbiblionauta.com\/ca\/wp-json\/wp\/v2\/media?parent=15897"}],"wp:term":[{"taxonomy":"category","embeddable":true,"href":"https:\/\/elbiblionauta.com\/ca\/wp-json\/wp\/v2\/categories?post=15897"},{"taxonomy":"post_tag","embeddable":true,"href":"https:\/\/elbiblionauta.com\/ca\/wp-json\/wp\/v2\/tags?post=15897"}],"curies":[{"name":"wp","href":"https:\/\/api.w.org\/{rel}","templated":true}]}}